{"id":78669,"date":"2020-03-10T11:25:00","date_gmt":"2020-03-10T15:25:00","guid":{"rendered":"https:\/\/linitiative.ca\/International\/le-president-tebboune-nomme-le-general-major-athamnia-commandant-des-forces-terrestres-et-le-general-major-henbli-commandant-de-la-5e-region-militaire-presidence\/"},"modified":"2020-03-10T11:25:00","modified_gmt":"2020-03-10T15:25:00","slug":"le-president-tebboune-nomme-le-general-major-athamnia-commandant-des-forces-terrestres-et-le-general-major-henbli-commandant-de-la-5e-region-militaire-presidence","status":"publish","type":"post","link":"https:\/\/linitiative.ca\/International\/le-president-tebboune-nomme-le-general-major-athamnia-commandant-des-forces-terrestres-et-le-general-major-henbli-commandant-de-la-5e-region-militaire-presidence\/","title":{"rendered":"Le Pr\u00e9sident Tebboune nomme le G\u00e9n\u00e9ral-major Athamnia Commandant des forces  terrestres et le G\u00e9n\u00e9ral-major Henbli commandant de la 5e R\u00e9gion militaire  (Pr\u00e9sidence)"},"content":{"rendered":"<p>\u00ab\u00a0Le Pr\u00e9sident de la R\u00e9publique, chef supr\u00eame des forces arm\u00e9es, ministre de la D\u00e9fense nationale, M. Abdelmadjid Tebboune a proc\u00e9d\u00e9, mardi, conform\u00e9ment \u00e0 la Constitution notamment en ses articles 91 et 92 et en vertu des dispositions des deux d\u00e9crets pr\u00e9sidentiels du 07 mars 2020, \u00e0 la nomination du G\u00e9n\u00e9ral-major Athamnia Amar, Commandant des forces terrestres et le G\u00e9n\u00e9ral-major Henbli Noureddine, Commandant de la 5e R\u00e9gion militaire\u00a0\u00bb, pr\u00e9cise le communiqu\u00e9. (APS)<\/p>\n<p>Auteur: elmoudjahid<br \/>\n<a href=\"http:\/\/www.elmoudjahid.com\/fr\/actualites\/149638\">Cliquez ici pour lire l&rsquo;article depuis sa source.<\/a><\/p>\n","protected":false},"excerpt":{"rendered":"<p>\u00ab\u00a0Le Pr\u00e9sident de la R\u00e9publique, chef supr\u00eame des forces arm\u00e9es, ministre de la D\u00e9fense nationale, M. Abdelmadjid Tebboune a proc\u00e9d\u00e9, mardi, conform\u00e9ment \u00e0 la Constitution notamment en ses articles 91 et 92 et en vertu des dispositions des deux d\u00e9crets pr\u00e9sidentiels du 07 mars 2020, \u00e0 la nomination du G\u00e9n\u00e9ral-major Athamnia Amar, Commandant des forces [&hellip;]<\/p>\n","protected":false},"author":1744,"featured_media":0,"comment_status":"closed","ping_status":"closed","sticky":false,"template":"","format":"standard","meta":{"fifu_image_url":"","fifu_image_alt":"","footnotes":""},"categories":[73,53],"tags":[],"class_list":["post-78669","post","type-post","status-publish","format-standard","hentry","category-actualite","category-algerie"],"_links":{"self":[{"href":"https:\/\/linitiative.ca\/International\/wp-json\/wp\/v2\/posts\/78669","targetHints":{"allow":["GET"]}}],"collection":[{"href":"https:\/\/linitiative.ca\/International\/wp-json\/wp\/v2\/posts"}],"about":[{"href":"https:\/\/linitiative.ca\/International\/wp-json\/wp\/v2\/types\/post"}],"author":[{"embeddable":true,"href":"https:\/\/linitiative.ca\/International\/wp-json\/wp\/v2\/users\/1744"}],"replies":[{"embeddable":true,"href":"https:\/\/linitiative.ca\/International\/wp-json\/wp\/v2\/comments?post=78669"}],"version-history":[{"count":0,"href":"https:\/\/linitiative.ca\/International\/wp-json\/wp\/v2\/posts\/78669\/revisions"}],"wp:attachment":[{"href":"https:\/\/linitiative.ca\/International\/wp-json\/wp\/v2\/media?parent=78669"}],"wp:term":[{"taxonomy":"category","embeddable":true,"href":"https:\/\/linitiative.ca\/International\/wp-json\/wp\/v2\/categories?post=78669"},{"taxonomy":"post_tag","embeddable":true,"href":"https:\/\/linitiative.ca\/International\/wp-json\/wp\/v2\/tags?post=78669"}],"curies":[{"name":"wp","href":"https:\/\/api.w.org\/{rel}","templated":true}]}}