{"id":78670,"date":"2020-03-10T12:20:00","date_gmt":"2020-03-10T16:20:00","guid":{"rendered":"https:\/\/linitiative.ca\/International\/protection-civile-inauguration-de-nouvelles-unites-operationnelles-a-biskra-par-le-ministre-de-linterieur\/"},"modified":"2020-03-10T12:20:00","modified_gmt":"2020-03-10T16:20:00","slug":"protection-civile-inauguration-de-nouvelles-unites-operationnelles-a-biskra-par-le-ministre-de-linterieur","status":"publish","type":"post","link":"https:\/\/linitiative.ca\/International\/protection-civile-inauguration-de-nouvelles-unites-operationnelles-a-biskra-par-le-ministre-de-linterieur\/","title":{"rendered":"Protection Civile: Inauguration de nouvelles unit\u00e9s op\u00e9rationnelles \u00e0 Biskra par le ministre de l\u2019int\u00e9rieur"},"content":{"rendered":"<p>Le ministre \u00e9tait accompagn\u00e9 du DGPC le Colonel Boualem Boughelaf et des hauts cadres de la PC, a indiqu\u00e9 la DGPC dans un communiqu\u00e9 . Ces nouvelles unit\u00e9s s\u2019inscrivent dans \u00ab\u00a0le cadre de la modernisation du secteur de la protection civile, notamment le renforcement de la couverture op\u00e9rationnel au niveau de la wilaya de Biskra\u00a0\u00bb.L&rsquo;objectif de ses r\u00e9alisations est de permettre le renforcement des capacit\u00e9s op\u00e9rationnelles de\u00a0 la protection civile de la wilaya, afin d\u2019atteindre apr\u00e8s la r\u00e9ception de 04 unit\u00e9s en cours de r\u00e9alisation\u00a0 une couverture de 100 % au niveau des da\u00efras, a pr\u00e9cis\u00e9 la m\u00eame source. \u00a0La r\u00e9ception de l\u2019ensemble de ces infrastructures permettra la prise en charge des diff\u00e9rents risques li\u00e9s \u00e0 la vie courante ainsi que les risques majeurs, tel que les\u00a0 inondations et autres et d\u2019assurer ces missions avec plus d\u2019efficacit\u00e9 et d\u2019efficience, selon le document. Sur le plan op\u00e9rationnel, les unit\u00e9s d\u2019intervention de la PC de la wilaya de Biskra ont assur\u00e9 19813 interventions, dont 11789 secours et \u00e9vacuation, 1261 accidents de la circulation, 1519 incendies et 2861 op\u00e9rations diverses.<\/p>\n<p><strong>NB\/ R\u00e9daction Web<\/strong><\/p>\n<p>Auteur: elmoudjahid<br \/>\n<a href=\"http:\/\/www.elmoudjahid.com\/fr\/actualites\/149639\">Cliquez ici pour lire l&rsquo;article depuis sa source.<\/a><\/p>\n","protected":false},"excerpt":{"rendered":"<p>Le ministre \u00e9tait accompagn\u00e9 du DGPC le Colonel Boualem Boughelaf et des hauts cadres de la PC, a indiqu\u00e9 la DGPC dans un communiqu\u00e9 . Ces nouvelles unit\u00e9s s\u2019inscrivent dans \u00ab\u00a0le cadre de la modernisation du secteur de la protection civile, notamment le renforcement de la couverture op\u00e9rationnel au niveau de la wilaya de Biskra\u00a0\u00bb.L&rsquo;objectif [&hellip;]<\/p>\n","protected":false},"author":1744,"featured_media":0,"comment_status":"closed","ping_status":"closed","sticky":false,"template":"","format":"standard","meta":{"fifu_image_url":"","fifu_image_alt":"","footnotes":""},"categories":[73,53],"tags":[],"class_list":["post-78670","post","type-post","status-publish","format-standard","hentry","category-actualite","category-algerie"],"_links":{"self":[{"href":"https:\/\/linitiative.ca\/International\/wp-json\/wp\/v2\/posts\/78670","targetHints":{"allow":["GET"]}}],"collection":[{"href":"https:\/\/linitiative.ca\/International\/wp-json\/wp\/v2\/posts"}],"about":[{"href":"https:\/\/linitiative.ca\/International\/wp-json\/wp\/v2\/types\/post"}],"author":[{"embeddable":true,"href":"https:\/\/linitiative.ca\/International\/wp-json\/wp\/v2\/users\/1744"}],"replies":[{"embeddable":true,"href":"https:\/\/linitiative.ca\/International\/wp-json\/wp\/v2\/comments?post=78670"}],"version-history":[{"count":0,"href":"https:\/\/linitiative.ca\/International\/wp-json\/wp\/v2\/posts\/78670\/revisions"}],"wp:attachment":[{"href":"https:\/\/linitiative.ca\/International\/wp-json\/wp\/v2\/media?parent=78670"}],"wp:term":[{"taxonomy":"category","embeddable":true,"href":"https:\/\/linitiative.ca\/International\/wp-json\/wp\/v2\/categories?post=78670"},{"taxonomy":"post_tag","embeddable":true,"href":"https:\/\/linitiative.ca\/International\/wp-json\/wp\/v2\/tags?post=78670"}],"curies":[{"name":"wp","href":"https:\/\/api.w.org\/{rel}","templated":true}]}}