{"id":78677,"date":"2020-03-10T12:33:00","date_gmt":"2020-03-10T16:33:00","guid":{"rendered":"https:\/\/linitiative.ca\/International\/un-petit-bebe-guerit-du-coronavirus-sans-medicaments\/"},"modified":"2020-03-10T12:33:00","modified_gmt":"2020-03-10T16:33:00","slug":"un-petit-bebe-guerit-du-coronavirus-sans-medicaments","status":"publish","type":"post","link":"https:\/\/linitiative.ca\/International\/un-petit-bebe-guerit-du-coronavirus-sans-medicaments\/","title":{"rendered":"Un petit b\u00e9b\u00e9 gu\u00e9rit  du coronavirus sans m\u00e9dicaments"},"content":{"rendered":"<p><br id=\"sep_para_1\" class=\"sep_para access\"\/><\/p>\n<div id=\"para_1\" class=\"para_35885487 resize\">\n<div class=\"texte access firstletter\">Le cas d\u2019un b\u00e9b\u00e9 relay\u00e9 par le Daily Mail et The New Zealand Herald met en lumi\u00e8re la possibilit\u00e9 d\u2019une transmission entre la femme enceinte et l\u2019enfant \u00e0 na\u00eetre. En Chine, l\u2019\u00e9pid\u00e9mie de coronavirus semble se ralentir depuis quelques temps tout en gagnant du terrain \u00e0 travers le monde. Un b\u00e9b\u00e9 de 17 jours n\u00e9 \u00e0 Wuhan, \u00e9picentre de l\u2019\u00e9pid\u00e9mie mortelle, aurait r\u00e9ussi \u00e0 se r\u00e9tablir du coronavirus sans traitement, \u00e0 en croire les m\u00e9dias locaux. L\u2019infection se serait transmise de la m\u00e8re \u00e0 l\u2019enfant, une piste de transmission qui a r\u00e9cemment \u00e9t\u00e9 mise en avant par des m\u00e9decins chinois comme le souligne Reuters. Le plus jeune b\u00e9b\u00e9 touch\u00e9 par le coronavirus. Diagnostiqu\u00e9 porteur du Covid-19 dont la m\u00e8re \u00e9tait \u00e9galement atteinte, un b\u00e9b\u00e9 souffrant d\u2019une infection des voies respiratoires et de troubles cardiaques a \u00e9t\u00e9 transf\u00e9r\u00e9 dans un h\u00f4pital pour enfants. Les sympt\u00f4mes, qui \u00e9taient d\u2019intensit\u00e9 l\u00e9g\u00e8re, auraient incit\u00e9 les m\u00e9decins \u00e0 ne pas prescrire d\u2019antibiotiques au nouveau-n\u00e9, selon le Dr Zeng Lingkong, directeur du d\u00e9partement de n\u00e9onatologie de l\u2019h\u00f4pital.<\/div>\n<\/div>\n<p>Auteur: R\u00e9flexion<br \/>\n<a href=\"https:\/\/www.reflexiondz.net\/Un-petit-bebe-guerit-du-coronavirus-sans-medicaments_a61194.html\">Cliquez ici pour lire l&rsquo;article depuis sa source.<\/a><\/p>\n","protected":false},"excerpt":{"rendered":"<p>Le cas d\u2019un b\u00e9b\u00e9 relay\u00e9 par le Daily Mail et The New Zealand Herald met en lumi\u00e8re la possibilit\u00e9 d\u2019une transmission entre la femme enceinte et l\u2019enfant \u00e0 na\u00eetre. En Chine, l\u2019\u00e9pid\u00e9mie de coronavirus semble se ralentir depuis quelques temps tout en gagnant du terrain \u00e0 travers le monde. Un b\u00e9b\u00e9 de 17 jours n\u00e9 [&hellip;]<\/p>\n","protected":false},"author":1740,"featured_media":0,"comment_status":"closed","ping_status":"closed","sticky":false,"template":"","format":"standard","meta":{"fifu_image_url":"","fifu_image_alt":"","footnotes":""},"categories":[53,76],"tags":[],"class_list":["post-78677","post","type-post","status-publish","format-standard","hentry","category-algerie","category-regions"],"_links":{"self":[{"href":"https:\/\/linitiative.ca\/International\/wp-json\/wp\/v2\/posts\/78677","targetHints":{"allow":["GET"]}}],"collection":[{"href":"https:\/\/linitiative.ca\/International\/wp-json\/wp\/v2\/posts"}],"about":[{"href":"https:\/\/linitiative.ca\/International\/wp-json\/wp\/v2\/types\/post"}],"author":[{"embeddable":true,"href":"https:\/\/linitiative.ca\/International\/wp-json\/wp\/v2\/users\/1740"}],"replies":[{"embeddable":true,"href":"https:\/\/linitiative.ca\/International\/wp-json\/wp\/v2\/comments?post=78677"}],"version-history":[{"count":0,"href":"https:\/\/linitiative.ca\/International\/wp-json\/wp\/v2\/posts\/78677\/revisions"}],"wp:attachment":[{"href":"https:\/\/linitiative.ca\/International\/wp-json\/wp\/v2\/media?parent=78677"}],"wp:term":[{"taxonomy":"category","embeddable":true,"href":"https:\/\/linitiative.ca\/International\/wp-json\/wp\/v2\/categories?post=78677"},{"taxonomy":"post_tag","embeddable":true,"href":"https:\/\/linitiative.ca\/International\/wp-json\/wp\/v2\/tags?post=78677"}],"curies":[{"name":"wp","href":"https:\/\/api.w.org\/{rel}","templated":true}]}}