{"id":78678,"date":"2020-03-10T12:33:00","date_gmt":"2020-03-10T16:33:00","guid":{"rendered":"https:\/\/linitiative.ca\/International\/nacer-djabi-insiste-sur-le-jugement-de-bouteflika\/"},"modified":"2020-03-10T12:33:00","modified_gmt":"2020-03-10T16:33:00","slug":"nacer-djabi-insiste-sur-le-jugement-de-bouteflika","status":"publish","type":"post","link":"https:\/\/linitiative.ca\/International\/nacer-djabi-insiste-sur-le-jugement-de-bouteflika\/","title":{"rendered":"Nacer Djabi  insiste sur le jugement  de Bouteflika !"},"content":{"rendered":"<p><br id=\"sep_para_1\" class=\"sep_para access\"\/><\/p>\n<div id=\"para_1\" class=\"para_35884299 resize\">\n<div class=\"texte access firstletter\">Le sociologue alg\u00e9rien Nacer Djabi a estim\u00e9 que l\u2019ex-pr\u00e9sident alg\u00e9rien Abdelaziz Bouteflika doit \u00eatre jug\u00e9, dans un article publi\u00e9 ce 8 mars dans le quotidien Al-Quds al-Arabi, journal arabophone qui sort \u00e0 Londres. Les \u00ab proc\u00e8s de certaines figures politiques et du monde des affaires corrompues \u00bb en Alg\u00e9rie ont r\u00e9v\u00e9l\u00e9 que \u00ab Bouteflika a \u00e9t\u00e9 le parrain de la corruption \u00bb, \u00e9crit le sociologue Nacer Djabi qui est revenu sur les dossiers des divers ministres et hommes d\u2019affaires trait\u00e9s ces derniers temps par la justice. Ces affaires ont d\u00e9montr\u00e9 les \u00ab responsabilit\u00e9s directes \u00bb de l\u2019ex-pr\u00e9sident Abdelaziz Bouteflika \u00ab en tant que personne \u00bb et il \u00ab ne peut \u00e9chapper \u00e0 la sanction et au proc\u00e8s \u00bb, m\u00eame si ce sera \u00ab une sanction symbolique \u00bb, indique Nacer Djabi. Pour le sociologue alg\u00e9rien, le jugement de Bouteflika est une revendication des Alg\u00e9riens qui ont d\u00e9couvert avec horreur l\u2019ampleur des d\u00e9g\u00e2ts \u00ab caus\u00e9es par l\u2019homme et son environnement familial \u00bb.<\/div>\n<\/div>\n<p>Auteur: R\u00e9flexion<br \/>\n<a href=\"https:\/\/www.reflexiondz.net\/Nacer-Djabi-insiste-sur-le-jugement-de-Bouteflika-_a61191.html\">Cliquez ici pour lire l&rsquo;article depuis sa source.<\/a><\/p>\n","protected":false},"excerpt":{"rendered":"<p>Le sociologue alg\u00e9rien Nacer Djabi a estim\u00e9 que l\u2019ex-pr\u00e9sident alg\u00e9rien Abdelaziz Bouteflika doit \u00eatre jug\u00e9, dans un article publi\u00e9 ce 8 mars dans le quotidien Al-Quds al-Arabi, journal arabophone qui sort \u00e0 Londres. Les \u00ab proc\u00e8s de certaines figures politiques et du monde des affaires corrompues \u00bb en Alg\u00e9rie ont r\u00e9v\u00e9l\u00e9 que \u00ab Bouteflika a [&hellip;]<\/p>\n","protected":false},"author":1740,"featured_media":0,"comment_status":"closed","ping_status":"closed","sticky":false,"template":"","format":"standard","meta":{"fifu_image_url":"","fifu_image_alt":"","footnotes":""},"categories":[53,76],"tags":[],"class_list":["post-78678","post","type-post","status-publish","format-standard","hentry","category-algerie","category-regions"],"_links":{"self":[{"href":"https:\/\/linitiative.ca\/International\/wp-json\/wp\/v2\/posts\/78678","targetHints":{"allow":["GET"]}}],"collection":[{"href":"https:\/\/linitiative.ca\/International\/wp-json\/wp\/v2\/posts"}],"about":[{"href":"https:\/\/linitiative.ca\/International\/wp-json\/wp\/v2\/types\/post"}],"author":[{"embeddable":true,"href":"https:\/\/linitiative.ca\/International\/wp-json\/wp\/v2\/users\/1740"}],"replies":[{"embeddable":true,"href":"https:\/\/linitiative.ca\/International\/wp-json\/wp\/v2\/comments?post=78678"}],"version-history":[{"count":0,"href":"https:\/\/linitiative.ca\/International\/wp-json\/wp\/v2\/posts\/78678\/revisions"}],"wp:attachment":[{"href":"https:\/\/linitiative.ca\/International\/wp-json\/wp\/v2\/media?parent=78678"}],"wp:term":[{"taxonomy":"category","embeddable":true,"href":"https:\/\/linitiative.ca\/International\/wp-json\/wp\/v2\/categories?post=78678"},{"taxonomy":"post_tag","embeddable":true,"href":"https:\/\/linitiative.ca\/International\/wp-json\/wp\/v2\/tags?post=78678"}],"curies":[{"name":"wp","href":"https:\/\/api.w.org\/{rel}","templated":true}]}}