{"id":78679,"date":"2020-03-10T12:33:00","date_gmt":"2020-03-10T16:33:00","guid":{"rendered":"https:\/\/linitiative.ca\/International\/houda-feraoun-auditionnee-par-les-gendarmes-de-bab-jedid\/"},"modified":"2020-03-10T12:33:00","modified_gmt":"2020-03-10T16:33:00","slug":"houda-feraoun-auditionnee-par-les-gendarmes-de-bab-jedid","status":"publish","type":"post","link":"https:\/\/linitiative.ca\/International\/houda-feraoun-auditionnee-par-les-gendarmes-de-bab-jedid\/","title":{"rendered":"Houda Feraoun auditionn\u00e9e par les gendarmes de Bab Jedid"},"content":{"rendered":"<p><br id=\"sep_para_1\" class=\"sep_para access\"\/><\/p>\n<div id=\"para_1\" class=\"para_35884296 resize\">\n<div class=\"texte access firstletter\">L\u2019ancienne ministre des T\u00e9l\u00e9coms, de la Poste et des TCI, Houda Imane Feraoun, aurait \u00e9t\u00e9 auditionn\u00e9e une nouvelle fois ce mardi par les enqu\u00eateurs de la brigade de Bab Jedid de la gendarmerie nationale, rapporte une source m\u00e9diatique qui cite des sources s\u00fbres. La m\u00eame source ajoute que Houda Feraoun aurait \u00e9t\u00e9 interrog\u00e9e pour la troisi\u00e8me fois concernant plusieurs dossiers de corruption et de dilapidation de deniers publics ayant caract\u00e9ris\u00e9 la gestion opaque de son secteur depuis 2015.\u00a0 En effet, elle a indiqu\u00e9 \u00e9galement que l\u2019ex-secr\u00e9taire g\u00e9n\u00e9ral du minist\u00e8re des T\u00e9l\u00e9coms, de la Poste et des TIC, Fouad Belkessam, aurait \u00e9t\u00e9 lui-aussi interrog\u00e9 et auditionn\u00e9\u00a0 mardi par les enqu\u00eateurs de la brigade de Bab Jedid. Limog\u00e9 et remplac\u00e9 par un nouveau haut responsable, Fouad Belkessam \u00e9tait le bras droit de Houda Feraoun. L\u2019homme conna\u00eet tous les secrets des march\u00e9s et op\u00e9rations financi\u00e8res douteuses ou illicites accomplies par le cabinet de Houda Feraoun.\u00a0 Pour rappel, l\u2019ancienne ministre de la Poste et des Technologies de l\u2019information et de la communication, du 15 mai 2015 au 4 janvier 2020, Houda Imane Feraoun, a tent\u00e9 au cours de ce mois de janvier de quitter \u00e0 deux reprises l\u2019Alg\u00e9rie pour voyager \u00e0 Paris en France. Les services de s\u00e9curit\u00e9 ont interpr\u00e9t\u00e9, selon cette m\u00eame\u00a0 source, ces tentatives comme une volont\u00e9 manifeste de fuir le pays afin de se soustraire \u00e0 l\u2019enqu\u00eate judiciaire diligent\u00e9e par la Cour Supr\u00eame et confi\u00e9e \u00e0 la brigade de recherches de Bab Jedid de la Gendarmerie Nationale, \u00e0 propos de plusieurs dossiers de corruption impliquant directement cette ancienne ministre, symbole phare du r\u00e9gime Bouteflika. Selon la m\u00eame source, une premi\u00e8re fois, Houda Feraoun a tent\u00e9 de quitter le pays discr\u00e8tement au lendemain de son limogeage du gouvernement le 4 janvier dernier, mais elle\u00a0 avait \u00e9t\u00e9 plac\u00e9e sous interdiction de quitter le territoire national (ISTN),\u00a0 le jour m\u00eame o\u00f9 le nouveau gouvernement de Tebboune avait \u00e9t\u00e9 annonc\u00e9 et mis en place. A la suite de sa premi\u00e8re convocation par la brigade de recherches de Bab Jedid le 6 janvier dernier, Houda Feraoun avait \u00e9t\u00e9 contrainte de restituer son passeport diplomatique. Mais il lui restait encore son passeport ordinaire avec lequel elle essaie une semaine plus tard de quitter le pays par l\u2019a\u00e9roport de Constantine.<\/div>\n<\/div>\n<p>Auteur: R\u00e9flexion<br \/>\n<a href=\"https:\/\/www.reflexiondz.net\/Houda-Feraoun-auditionnee-par-les-gendarmes-de-Bab-Jedid_a61190.html\">Cliquez ici pour lire l&rsquo;article depuis sa source.<\/a><\/p>\n","protected":false},"excerpt":{"rendered":"<p>L\u2019ancienne ministre des T\u00e9l\u00e9coms, de la Poste et des TCI, Houda Imane Feraoun, aurait \u00e9t\u00e9 auditionn\u00e9e une nouvelle fois ce mardi par les enqu\u00eateurs de la brigade de Bab Jedid de la gendarmerie nationale, rapporte une source m\u00e9diatique qui cite des sources s\u00fbres. La m\u00eame source ajoute que Houda Feraoun aurait \u00e9t\u00e9 interrog\u00e9e pour la [&hellip;]<\/p>\n","protected":false},"author":1740,"featured_media":0,"comment_status":"closed","ping_status":"closed","sticky":false,"template":"","format":"standard","meta":{"fifu_image_url":"","fifu_image_alt":"","footnotes":""},"categories":[53,76],"tags":[],"class_list":["post-78679","post","type-post","status-publish","format-standard","hentry","category-algerie","category-regions"],"_links":{"self":[{"href":"https:\/\/linitiative.ca\/International\/wp-json\/wp\/v2\/posts\/78679","targetHints":{"allow":["GET"]}}],"collection":[{"href":"https:\/\/linitiative.ca\/International\/wp-json\/wp\/v2\/posts"}],"about":[{"href":"https:\/\/linitiative.ca\/International\/wp-json\/wp\/v2\/types\/post"}],"author":[{"embeddable":true,"href":"https:\/\/linitiative.ca\/International\/wp-json\/wp\/v2\/users\/1740"}],"replies":[{"embeddable":true,"href":"https:\/\/linitiative.ca\/International\/wp-json\/wp\/v2\/comments?post=78679"}],"version-history":[{"count":0,"href":"https:\/\/linitiative.ca\/International\/wp-json\/wp\/v2\/posts\/78679\/revisions"}],"wp:attachment":[{"href":"https:\/\/linitiative.ca\/International\/wp-json\/wp\/v2\/media?parent=78679"}],"wp:term":[{"taxonomy":"category","embeddable":true,"href":"https:\/\/linitiative.ca\/International\/wp-json\/wp\/v2\/categories?post=78679"},{"taxonomy":"post_tag","embeddable":true,"href":"https:\/\/linitiative.ca\/International\/wp-json\/wp\/v2\/tags?post=78679"}],"curies":[{"name":"wp","href":"https:\/\/api.w.org\/{rel}","templated":true}]}}