{"id":78683,"date":"2020-03-09T17:13:09","date_gmt":"2020-03-09T21:13:09","guid":{"rendered":"https:\/\/linitiative.ca\/International\/revision-de-la-constitution-la-premiere-mouture-communiquee-dans-quelques-jours\/"},"modified":"2020-03-09T17:13:09","modified_gmt":"2020-03-09T21:13:09","slug":"revision-de-la-constitution-la-premiere-mouture-communiquee-dans-quelques-jours","status":"publish","type":"post","link":"https:\/\/linitiative.ca\/International\/revision-de-la-constitution-la-premiere-mouture-communiquee-dans-quelques-jours\/","title":{"rendered":"R\u00e9vision de la Constitution : La premi\u00e8re mouture communiqu\u00e9e dans quelques jours"},"content":{"rendered":"<p><br class=\"autobr\"\/><strong>L\u2019annonce de la premi\u00e8re mouture du projet de r\u00e9vision de la Constitution serait imminente. La commission d\u2019experts vient en effet d\u2019achever son travail et devrait pr\u00e9senter le texte initial au chef de l\u2019Etat.<\/strong><\/p>\n<p><br class=\"autobr\"\/><br \/>\nPr\u00e9vue en principe dimanche prochain, cette mouture est tr\u00e8s attendue par les partis politiques, les organisations de la soci\u00e9t\u00e9 civile et les diff\u00e9rents acteurs de la sc\u00e8ne nationale. Elle a fait l\u2019objet de larges consultations entam\u00e9es depuis l\u2019investiture du pr\u00e9sident Tebboune. Le chef de l\u2019Etat a rencontr\u00e9 plusieurs personnalit\u00e9s nationales agissantes, dans ce cadre, bien qu\u2019une partie du milieu politique avait clairement affich\u00e9 son opposition \u00e0 cette d\u00e9marche, exigeant plut\u00f4t la mise en place d\u2019une vieille revendication d\u2019une assembl\u00e9e constituante.<\/p>\n<p><br class=\"autobr\"\/><strong>Cependant Tebboune a laiss\u00e9 la porte ouverte, en affirmant que le travail des experts d\u00e9sign\u00e9s en janvier dernier sera enrichi ult\u00e9rieurement, avant de passer par une pl\u00e9ni\u00e8re au Parlement puis par un vote du texte final par voie r\u00e9f\u00e9rendaire.<\/strong><\/p>\n<p><br class=\"autobr\"\/><br \/>\nHier \u00e0 M\u00e9d\u00e9a, Mohamed Laagab, charg\u00e9 de mission \u00e0 la pr\u00e9sidence de la R\u00e9publique, a d\u00e9clar\u00e9 que la commission d\u2019experts, d\u00e9sign\u00e9e par le pr\u00e9sident de la R\u00e9publique Abdelmadjid Tebboune \u00ab\u00a0vient d\u2019achever son travail et devra communiquer, tr\u00e8s prochainement, la premi\u00e8re mouture du projet de r\u00e9vision de la Constitution, cl\u00f4turant ainsi la premi\u00e8re phase de ce grand chantier politique initi\u00e9 par le Pr\u00e9sident\u00a0\u00bb. L\u2019annonce a \u00e9t\u00e9 faite en marge d\u2019une rencontre sur la r\u00e9vision de la Constitution et son r\u00f4le sur la cons\u00e9cration de l\u2019acte d\u00e9mocratique en Alg\u00e9rie, organis\u00e9e \u00e0 l\u2019institut des sciences juridiques et politiques de l\u2019universit\u00e9 Yahia-Fares de M\u00e9d\u00e9a.<\/p>\n<p><br class=\"autobr\"\/><br \/>\nL\u2019\u00e9lite nationale, issue des universit\u00e9s, du mouvement associatif, syndicats, organismes, ou personnalit\u00e9s nationales et formations politiques, est appel\u00e9e \u00e0 \u00ab\u00a0accompagner la publication de cette mouture, \u00e0 travers son enrichissements en formulant des propositions sur des aspects qui ne figurent pas dans ledit document\u00a0\u00bb, a-t-il signal\u00e9. Il a ajout\u00e9 que celle-ci dispose de trente jours, conform\u00e9ment \u00e0 l\u2019actuel Constitution, \u00ab\u00a0pour d\u00e9battre du projet, avant son passage pour examen devant le Parlement\u00a0\u00bb.<\/p>\n<blockquote readability=\"9\">\n<p><br class=\"autobr\"\/><strong><em><span class=\"c5\">Laagab a estim\u00e9 que la r\u00e9vision de la Constitution \u00ab\u00a0est devenue une affaire d\u2019opinion publique\u00a0\u00bb et que le citoyen alg\u00e9rien \u00ab\u00a0accorde beaucoup d\u2019int\u00e9r\u00eat aux questions relatives \u00e0 la Constitution et l\u2019imp\u00e9ratif d\u2019introduire des changements \u00e0 la Loi fondamentale du pays\u00a0\u00bb, a-t-il soulign\u00e9.<\/span><\/em><\/strong><\/p>\n<\/blockquote>\n<p><br class=\"autobr\"\/><br \/>\nLe recours au r\u00e9f\u00e9rendum est \u00ab\u00a0incontournable\u00a0\u00bb, vu que la r\u00e9vision porte sur un changement \u00ab\u00a0global et profond\u00a0\u00bb de la Constitution et \u00ab\u00a0repr\u00e9sente l\u2019une des principales revendications du peuple, auquel reviendra, en d\u00e9finitive, le dernier mot \u00e0 l\u2019occasion de ce r\u00e9f\u00e9rendum pour se prononcer sur le sujet\u00a0\u00bb.<\/p>\n<p><br class=\"autobr\"\/><br \/>\n\u00a0<\/p>\n<p><br class=\"autobr\"\/><br \/>\nLe pr\u00e9sident de la R\u00e9publique est \u00ab\u00a0tr\u00e8s attach\u00e9 \u00e0 la p\u00e9rennit\u00e9 de la nouvelle Constitution, qu\u2019il consid\u00e8re comme \u00e9tant \u00ab\u00a0la Constitution de la Nation et non celle du Pr\u00e9sident\u00a0\u00bb, a fait observer Laagab, affirmant que les \u00ab\u00a0garanties de respect de la Loi fondamentale du pays seront d\u2019ordre constitutionnel et que le caract\u00e8re consensuel de la nouvelle constitution constituera l\u2019une de ces garanties\u00a0\u00bb.<\/p>\n<p>Auteur: Boudjedri<br \/>\n<a href=\"http:\/\/www.jeune-independant.net\/Revision-de-la-Constitution-La.html\">Cliquez ici pour lire l&rsquo;article depuis sa source.<\/a><\/p>\n","protected":false},"excerpt":{"rendered":"<p>L\u2019annonce de la premi\u00e8re mouture du projet de r\u00e9vision de la Constitution serait imminente. La commission d\u2019experts vient en effet d\u2019achever son travail et devrait pr\u00e9senter le texte initial au chef de l\u2019Etat. Pr\u00e9vue en principe dimanche prochain, cette mouture est tr\u00e8s attendue par les partis politiques, les organisations de la soci\u00e9t\u00e9 civile et les [&hellip;]<\/p>\n","protected":false},"author":1737,"featured_media":0,"comment_status":"closed","ping_status":"closed","sticky":false,"template":"","format":"standard","meta":{"fifu_image_url":"","fifu_image_alt":"","footnotes":""},"categories":[73,53],"tags":[],"class_list":["post-78683","post","type-post","status-publish","format-standard","hentry","category-actualite","category-algerie"],"_links":{"self":[{"href":"https:\/\/linitiative.ca\/International\/wp-json\/wp\/v2\/posts\/78683","targetHints":{"allow":["GET"]}}],"collection":[{"href":"https:\/\/linitiative.ca\/International\/wp-json\/wp\/v2\/posts"}],"about":[{"href":"https:\/\/linitiative.ca\/International\/wp-json\/wp\/v2\/types\/post"}],"author":[{"embeddable":true,"href":"https:\/\/linitiative.ca\/International\/wp-json\/wp\/v2\/users\/1737"}],"replies":[{"embeddable":true,"href":"https:\/\/linitiative.ca\/International\/wp-json\/wp\/v2\/comments?post=78683"}],"version-history":[{"count":0,"href":"https:\/\/linitiative.ca\/International\/wp-json\/wp\/v2\/posts\/78683\/revisions"}],"wp:attachment":[{"href":"https:\/\/linitiative.ca\/International\/wp-json\/wp\/v2\/media?parent=78683"}],"wp:term":[{"taxonomy":"category","embeddable":true,"href":"https:\/\/linitiative.ca\/International\/wp-json\/wp\/v2\/categories?post=78683"},{"taxonomy":"post_tag","embeddable":true,"href":"https:\/\/linitiative.ca\/International\/wp-json\/wp\/v2\/tags?post=78683"}],"curies":[{"name":"wp","href":"https:\/\/api.w.org\/{rel}","templated":true}]}}