{"id":78684,"date":"2020-03-09T18:22:36","date_gmt":"2020-03-09T22:22:36","guid":{"rendered":"https:\/\/linitiative.ca\/International\/coronavirus-toutes-les-competitions-sportives-suspendues-en-italie\/"},"modified":"2020-03-09T18:22:36","modified_gmt":"2020-03-09T22:22:36","slug":"coronavirus-toutes-les-competitions-sportives-suspendues-en-italie","status":"publish","type":"post","link":"https:\/\/linitiative.ca\/International\/coronavirus-toutes-les-competitions-sportives-suspendues-en-italie\/","title":{"rendered":"Coronavirus : Toutes les comp\u00e9titions sportives suspendues en Italie"},"content":{"rendered":"<p><br class=\"autobr\"\/><br \/>\nLe Premier ministre italien Giuseppe Conte a annonc\u00e9, ce lundi soir, l\u2019arr\u00eat de toutes les comp\u00e9titions sportives en Italie en raison de l\u2019\u00e9pid\u00e9mie de coronavirus.<\/p>\n<p><br class=\"autobr\"\/><br \/>\n\u00ab\u00a0Nous ne pouvons m\u00eame pas permettre aux matchs de Championnat de football de continuer, je suis d\u00e9sol\u00e9 de le dire, mais les fans doivent en tenir compte\u00a0\u00bb, a-t-il pr\u00e9cis\u00e9 dans une allocution t\u00e9l\u00e9vis\u00e9e.<br \/>Cette mesure concerne les comp\u00e9titions nationales mais aussi internationales.<br \/>Cela signifie notamment que le 8e de finale retour de Ligue des champions entre la Juventus Turin et Lyon ne pourra se tenir \u00e0 Turin, le mardi 17 mars.<br \/>\u00a0<\/p>\n<p>Auteur: Le Jeune Independant<br \/>\n<a href=\"http:\/\/www.jeune-independant.net\/Coronavirus-Toutes-les.html\">Cliquez ici pour lire l&rsquo;article depuis sa source.<\/a><\/p>\n","protected":false},"excerpt":{"rendered":"<p>Le Premier ministre italien Giuseppe Conte a annonc\u00e9, ce lundi soir, l\u2019arr\u00eat de toutes les comp\u00e9titions sportives en Italie en raison de l\u2019\u00e9pid\u00e9mie de coronavirus. \u00ab\u00a0Nous ne pouvons m\u00eame pas permettre aux matchs de Championnat de football de continuer, je suis d\u00e9sol\u00e9 de le dire, mais les fans doivent en tenir compte\u00a0\u00bb, a-t-il pr\u00e9cis\u00e9 dans [&hellip;]<\/p>\n","protected":false},"author":1737,"featured_media":0,"comment_status":"closed","ping_status":"closed","sticky":false,"template":"","format":"standard","meta":{"fifu_image_url":"","fifu_image_alt":"","footnotes":""},"categories":[73,53],"tags":[],"class_list":["post-78684","post","type-post","status-publish","format-standard","hentry","category-actualite","category-algerie"],"_links":{"self":[{"href":"https:\/\/linitiative.ca\/International\/wp-json\/wp\/v2\/posts\/78684","targetHints":{"allow":["GET"]}}],"collection":[{"href":"https:\/\/linitiative.ca\/International\/wp-json\/wp\/v2\/posts"}],"about":[{"href":"https:\/\/linitiative.ca\/International\/wp-json\/wp\/v2\/types\/post"}],"author":[{"embeddable":true,"href":"https:\/\/linitiative.ca\/International\/wp-json\/wp\/v2\/users\/1737"}],"replies":[{"embeddable":true,"href":"https:\/\/linitiative.ca\/International\/wp-json\/wp\/v2\/comments?post=78684"}],"version-history":[{"count":0,"href":"https:\/\/linitiative.ca\/International\/wp-json\/wp\/v2\/posts\/78684\/revisions"}],"wp:attachment":[{"href":"https:\/\/linitiative.ca\/International\/wp-json\/wp\/v2\/media?parent=78684"}],"wp:term":[{"taxonomy":"category","embeddable":true,"href":"https:\/\/linitiative.ca\/International\/wp-json\/wp\/v2\/categories?post=78684"},{"taxonomy":"post_tag","embeddable":true,"href":"https:\/\/linitiative.ca\/International\/wp-json\/wp\/v2\/tags?post=78684"}],"curies":[{"name":"wp","href":"https:\/\/api.w.org\/{rel}","templated":true}]}}