{"id":78689,"date":"2020-03-10T10:46:00","date_gmt":"2020-03-10T14:46:00","guid":{"rendered":"https:\/\/linitiative.ca\/International\/la-medecine-intensive-notre-atout-majeur-pour-lutter-contre-cette-epidemie\/"},"modified":"2020-03-10T10:46:00","modified_gmt":"2020-03-10T14:46:00","slug":"la-medecine-intensive-notre-atout-majeur-pour-lutter-contre-cette-epidemie","status":"publish","type":"post","link":"https:\/\/linitiative.ca\/International\/la-medecine-intensive-notre-atout-majeur-pour-lutter-contre-cette-epidemie\/","title":{"rendered":"La  m\u00e9decine intensive: notre atout majeur pour lutter contre cette \u00e9pid\u00e9mie"},"content":{"rendered":"<p>A l&rsquo;ouverture des premi\u00e8res facult\u00e9s de m\u00e9decine en\u00a0 Tunisie, les premiers doyens\u00a0 ont beaucoup investi dans la formation et le\u00a0 d\u00e9veloppement de la m\u00e9decine intensive dans nos h\u00f4pitaux.<\/p>\n<p>Cette sp\u00e9cialit\u00e9 \u00e9tait jug\u00e9e primordiale pour la promotion de notre secteur de sant\u00e9.<\/p>\n<p>La m\u00e9decine intensive\u00a0 est une fiert\u00e9 scientifique dans notre pays sur laquelle on va pouvoir compter sans aucun doute..<\/p>\n<p>Ses sp\u00e9cialistes, \u00e0 savoir les urgentistes, les r\u00e9animateurs m\u00e9dicaux et les anesth\u00e9sistes r\u00e9animateurs sont tr\u00e8s comp\u00e9tents et reconnus mondialement.<\/p>\n<p>Les seniors sont\u00a0 exp\u00e9riment\u00e9s et les r\u00e9sidents de ces sp\u00e9cialit\u00e9s sont\u00a0 bien form\u00e9s et autonomes.<\/p>\n<p>Je suis tr\u00e8s confiant!<\/p>\n<p>Ils vont assumer un r\u00f4le primordial dans cette bataille. Ils gagneront et la bataille et la guerre aussi.<br \/>j&rsquo;appelle l&rsquo;association tunisienne de r\u00e9animation, la soci\u00e9t\u00e9 tunisienne d&rsquo;anesth\u00e9sie r\u00e9animation, la soci\u00e9t\u00e9 tunisienne de m\u00e9decine d&rsquo;urgence et la soci\u00e9t\u00e9 tunisienne de simulation m\u00e9dicale\u00a0 \u00e0 entamer une collaboration \u00e9troite\u00a0 et \u00e0 joindre les efforts pour:<\/p>\n<p class=\"c3\"><span class=\"c2\"><strong>\u2022<\/strong><\/span> Etablir des recommandations des experts pour la prise en charge m\u00e9dicale des patients atteints, allant de l&rsquo;appel t\u00e9l\u00e9phonique jusqu&rsquo;\u00e0 l&rsquo;intubation et la ventilation m\u00e9canique<\/p>\n<p class=\"c3\"><span class=\"c2\"><strong>\u2022<\/strong><\/span> Soumettre un contr\u00f4le de qualit\u00e9 \u00e0 tous les services de r\u00e9animation sur le territoire tunisien et \u00e9tablir un listing du mat\u00e9riel n\u00e9cessaire pour une \u00e9ventuelle activit\u00e9 \u00e0 100 pourcent et l&rsquo;adresser au minist\u00e8re de la sant\u00e9.<\/p>\n<p class=\"c3\"><span class=\"c2\"><strong>\u2022<\/strong><\/span> S\u00e9nioriser les r\u00e9sidents en fin de cursus de formation.<\/p>\n<p class=\"c3\"><span class=\"c2\"><strong>\u2022<\/strong><\/span> Multiplier les simulations de \u00ab\u00a0plan blanc\u00a0\u00bb pour former et pr\u00e9parer le personnel m\u00e9dical et param\u00e9dical \u00e0 r\u00e9pondre \u00e0 un afflux important de malades le plus t\u00f4t possible.<\/p>\n<p class=\"c3\"><span class=\"c2\"><strong>\u2022<\/strong><\/span> Organiser des s\u00e9ances de formation en m\u00e9decine intensive \u00e0 tous les sp\u00e9cialites en m\u00e9decine pour un \u00e9ventuel planc blanc national.<\/p>\n<p>Il faut obligatoirement investir dans ce point fort de notre syst\u00e8me de sant\u00e9!<\/p>\n<p>Il faut profiter de cet atout pour amortir l&rsquo;impact de cette \u00e9pid\u00e9mie!<\/p>\n<p>A vos blouses anges gardiens de la Tunisie<\/p>\n<p class=\"c4\"><strong>kaissar Sassi<\/strong><\/p>\n<p class=\"c5\"><strong>Lire aussi<\/strong><\/p>\n<p class=\"c5\"><a href=\"https:\/\/www.leaders.com.tn\/article\/29327-coronavirus-non-a-la-panique-non-aux-demi-mesures-oui-aux-mesures-audacieuses-et-radicales-pour-sauver-le-pays\" target=\"_blank\" rel=\"noopener noreferrer\">Coronavirus: Non \u00e0 la panique, non aux demi mesures oui aux mesures audacieuses et radicales pour sauver le pays<\/a><\/p>\n<p class=\"c5\"><a href=\"https:\/\/www.leaders.com.tn\/article\/29215-general-el-bekri-quels-risques-de-contagion-par-le-coronavirus-en-tunisie\" target=\"_blank\" rel=\"noopener noreferrer\">G\u00e9n\u00e9ral El Bekri: Quels risques de contagion par le Coronavirus en Tunisie?<\/a><\/p>\n<p class=\"c5\"><a href=\"https:\/\/www.leaders.com.tn\/article\/29274-la-securite-nationale-de-notre-pays-est-en-danger-par-l-eventualite-d-une-contagion-rapide-au-coronavirus\" target=\"_blank\" rel=\"noopener noreferrer\">G\u00e9n\u00e9ral El Bekri: La S\u00e9curit\u00e9 Nationale de notre pays est en danger, par l&rsquo;\u00e9ventualit\u00e9 d&rsquo;une contagion rapide au coronavirus<\/a><\/p>\n<p class=\"c5\"><a href=\"https:\/\/www.leaders.com.tn\/article\/29270-le-premier-cas-avere-de-coronavirus-enregiu\" target=\"_blank\" rel=\"noopener noreferrer\">Le premier cas av\u00e9r\u00e9 de Coronavirus enregistr\u00e9 en Tunisie<\/a><\/p>\n<p><a href=\"https:\/\/www.leaders.com.tn\/article\/29221-mohamed-adel-chehida-vivre-au-temps-du-corona-virus\" target=\"_blank\" rel=\"noopener noreferrer\">Mohamed Adel Chehida: Vivre au temps du Corona Virus<\/a><\/p>\n<p>Auteur:<br \/>\n<a href=\"https:\/\/www.leaders.com.tn\/article\/29328-la-medecine-intensive-notre-atout-majeur-pour-lutter-contre-cette-epidemie\">Cliquez ici pour lire l&rsquo;article depuis sa source.<\/a><\/p>\n","protected":false},"excerpt":{"rendered":"<p>A l&rsquo;ouverture des premi\u00e8res facult\u00e9s de m\u00e9decine en\u00a0 Tunisie, les premiers doyens\u00a0 ont beaucoup investi dans la formation et le\u00a0 d\u00e9veloppement de la m\u00e9decine intensive dans nos h\u00f4pitaux. Cette sp\u00e9cialit\u00e9 \u00e9tait jug\u00e9e primordiale pour la promotion de notre secteur de sant\u00e9. La m\u00e9decine intensive\u00a0 est une fiert\u00e9 scientifique dans notre pays sur laquelle on va [&hellip;]<\/p>\n","protected":false},"author":1772,"featured_media":0,"comment_status":"closed","ping_status":"closed","sticky":false,"template":"","format":"standard","meta":{"fifu_image_url":"","fifu_image_alt":"","footnotes":""},"categories":[73,55],"tags":[],"class_list":["post-78689","post","type-post","status-publish","format-standard","hentry","category-actualite","category-tunisie"],"_links":{"self":[{"href":"https:\/\/linitiative.ca\/International\/wp-json\/wp\/v2\/posts\/78689","targetHints":{"allow":["GET"]}}],"collection":[{"href":"https:\/\/linitiative.ca\/International\/wp-json\/wp\/v2\/posts"}],"about":[{"href":"https:\/\/linitiative.ca\/International\/wp-json\/wp\/v2\/types\/post"}],"author":[{"embeddable":true,"href":"https:\/\/linitiative.ca\/International\/wp-json\/wp\/v2\/users\/1772"}],"replies":[{"embeddable":true,"href":"https:\/\/linitiative.ca\/International\/wp-json\/wp\/v2\/comments?post=78689"}],"version-history":[{"count":0,"href":"https:\/\/linitiative.ca\/International\/wp-json\/wp\/v2\/posts\/78689\/revisions"}],"wp:attachment":[{"href":"https:\/\/linitiative.ca\/International\/wp-json\/wp\/v2\/media?parent=78689"}],"wp:term":[{"taxonomy":"category","embeddable":true,"href":"https:\/\/linitiative.ca\/International\/wp-json\/wp\/v2\/categories?post=78689"},{"taxonomy":"post_tag","embeddable":true,"href":"https:\/\/linitiative.ca\/International\/wp-json\/wp\/v2\/tags?post=78689"}],"curies":[{"name":"wp","href":"https:\/\/api.w.org\/{rel}","templated":true}]}}