{"id":78690,"date":"2020-03-10T13:34:00","date_gmt":"2020-03-10T17:34:00","guid":{"rendered":"https:\/\/linitiative.ca\/International\/la-proprete-cette-aune-a-laquelle-les-etrangers-nous-jugent\/"},"modified":"2020-03-10T13:34:00","modified_gmt":"2020-03-10T17:34:00","slug":"la-proprete-cette-aune-a-laquelle-les-etrangers-nous-jugent","status":"publish","type":"post","link":"https:\/\/linitiative.ca\/International\/la-proprete-cette-aune-a-laquelle-les-etrangers-nous-jugent\/","title":{"rendered":"La propret\u00e9, cette aune \u00e0 laquelle les \u00e9trangers nous jugent"},"content":{"rendered":"<p>\u00abQuand je visite la Tunisie, je trouve de la salet\u00e9, de l\u2019anarchie et des gens indisciplin\u00e9s\u00bb. Ce sont les impressions d\u2019un officiel marocain qui avait visit\u00e9 notre pays il y a quelques ann\u00e9es. Les Tunisiens en ont \u00e9t\u00e9 offusqu\u00e9s. Pourtant, c\u2019\u00e9tait la triste r\u00e9alit\u00e9. Notre pays est sale, c\u2019est une \u00e9vidence. Il ne le fut pas, il y a une vingtaine d\u2019ann\u00e9e lorsque l\u2019ancien ministre fran\u00e7ais des Affaires \u00e9trang\u00e8res, Claude Cheysson interrog\u00e9 sur les r\u00e9sultats de sa visite en Tunisie avait pr\u00e9f\u00e9r\u00e9 commenc\u00e9 par\u00a0 \u00abune chose qui l\u2019avait impressionn\u00e9, la propret\u00e9 de la ville de Tunis\u00bb.<\/p>\n<p>Que s\u2019est-il pass\u00e9 dans l\u2019intervalle ?\u00a0 Un rel\u00e2chement de la part des d\u00e9l\u00e9gations sp\u00e9ciales qui ont \u00e9t\u00e9 install\u00e9es en attendant les \u00e9lections municipales, les gr\u00e8ves \u00e0 r\u00e9p\u00e9tition des agents d\u2019entretien de la voirie et surtout l\u2019incivisme des Tunisiens. Peu \u00e0 peu, on s&rsquo;est habitu\u00e9s\u00a0 \u00e0 ces montagnes d&rsquo;immondice qui jonchent nos rues, aux mauvaises\u00a0 odeurs qui s&rsquo;en d\u00e9gagent au point de plus y r\u00e9agir. R\u00e9sultat:\u00a0 aujourd\u2019hui, il est temps de se ressaisir. notre beau pays s&rsquo;est enlaidi au point de faire fuir les touristes. Il est temps de se ressaisir. Cette \u00e9pid\u00e9mie de coronavirus doit nous dessiller les yeux. La propret\u00e9, ce n\u2019est pas seulement une question d\u2019esth\u00e9tique, mais aussi et surtout de salubrit\u00e9, de sant\u00e9 publique, car ces espaces insalubres contituent autant de foyers de maladies. Ce n&rsquo;est pas seulement l&rsquo;affaire des municipalit\u00e9s, mais aussi celle des citoyens, c&rsquo;est une culture qu&rsquo;il faut ancrer dans les esprits, une mentalit\u00e9 qu&rsquo;il faut d\u00e9velopper. C&rsquo;est l&rsquo;aune \u00e0 laquelle les \u00e9trangers nous jugent. \u00a0<br \/>\u00a0\u00a0\u00a0<br \/>\u00a0<\/p>\n<p>Auteur:<br \/>\n<a href=\"https:\/\/www.leaders.com.tn\/article\/29329-la-proprete-cette-aune-a-laquelle-les-etrangers-nous-jugent\">Cliquez ici pour lire l&rsquo;article depuis sa source.<\/a><\/p>\n","protected":false},"excerpt":{"rendered":"<p>\u00abQuand je visite la Tunisie, je trouve de la salet\u00e9, de l\u2019anarchie et des gens indisciplin\u00e9s\u00bb. Ce sont les impressions d\u2019un officiel marocain qui avait visit\u00e9 notre pays il y a quelques ann\u00e9es. Les Tunisiens en ont \u00e9t\u00e9 offusqu\u00e9s. Pourtant, c\u2019\u00e9tait la triste r\u00e9alit\u00e9. Notre pays est sale, c\u2019est une \u00e9vidence. Il ne le fut [&hellip;]<\/p>\n","protected":false},"author":1772,"featured_media":0,"comment_status":"closed","ping_status":"closed","sticky":false,"template":"","format":"standard","meta":{"fifu_image_url":"","fifu_image_alt":"","footnotes":""},"categories":[73,55],"tags":[],"class_list":["post-78690","post","type-post","status-publish","format-standard","hentry","category-actualite","category-tunisie"],"_links":{"self":[{"href":"https:\/\/linitiative.ca\/International\/wp-json\/wp\/v2\/posts\/78690","targetHints":{"allow":["GET"]}}],"collection":[{"href":"https:\/\/linitiative.ca\/International\/wp-json\/wp\/v2\/posts"}],"about":[{"href":"https:\/\/linitiative.ca\/International\/wp-json\/wp\/v2\/types\/post"}],"author":[{"embeddable":true,"href":"https:\/\/linitiative.ca\/International\/wp-json\/wp\/v2\/users\/1772"}],"replies":[{"embeddable":true,"href":"https:\/\/linitiative.ca\/International\/wp-json\/wp\/v2\/comments?post=78690"}],"version-history":[{"count":0,"href":"https:\/\/linitiative.ca\/International\/wp-json\/wp\/v2\/posts\/78690\/revisions"}],"wp:attachment":[{"href":"https:\/\/linitiative.ca\/International\/wp-json\/wp\/v2\/media?parent=78690"}],"wp:term":[{"taxonomy":"category","embeddable":true,"href":"https:\/\/linitiative.ca\/International\/wp-json\/wp\/v2\/categories?post=78690"},{"taxonomy":"post_tag","embeddable":true,"href":"https:\/\/linitiative.ca\/International\/wp-json\/wp\/v2\/tags?post=78690"}],"curies":[{"name":"wp","href":"https:\/\/api.w.org\/{rel}","templated":true}]}}