{"id":78693,"date":"2020-03-10T06:00:00","date_gmt":"2020-03-10T10:00:00","guid":{"rendered":"https:\/\/linitiative.ca\/International\/7-7\/"},"modified":"2020-03-10T06:00:00","modified_gmt":"2020-03-10T10:00:00","slug":"7-7","status":"publish","type":"post","link":"https:\/\/linitiative.ca\/International\/7-7\/","title":{"rendered":"7\/7 !"},"content":{"rendered":"<p class=\"c3\">Instruction judiciaire contre Na\u00efma S. S\u2019agissant d\u2019elle, enfin on peut parler\u2026<\/p>\n<p class=\"c3\"><strong>\u2026 d\u2019instruction !<\/strong><\/p>\n<p class=\"c3\">Si le coronavirus ne t\u2019ach\u00e8ve pas, la faim va s\u2019en charger. Et tr\u00e8s bien s\u2019en charger. Elle a un alli\u00e9 de poids. Le baril chute sous les 35 dollars. Et les pr\u00e9visions des sp\u00e9cialistes en mauvaises nouvelles -Goldman Sachs, entre autres &#8211; l\u2019annoncent m\u00eame \u00e0 20 dollars dans quelques semaines. Mourir pour mourir, autant le faire avec panache, para\u00eet-il ! C\u2019est du moins ce que je comprends \u00e0 travers cette programmation d\u2019une 3\u00e8me journ\u00e9e de manifestations. Y avait le sacro-saint vendredi. Il y a eu ensuite le joyeux et revivifiant mardi des \u00e9tudiants. L\u00e0, on installe petit \u00e0 petit le samedi. Ce qui, au passage, m\u2019\u00e9tonne un peu, puisqu\u2019au d\u00e9part, on avait dit que ces manifs ne devaient exclure personne. A-t-on juste pens\u00e9 que samedi, c\u2019est tout de m\u00eame shabbat ? Non, visiblement ! Et je trouve cela injuste ! D\u2019autant plus injuste qu\u2019une autre\u2026 injustice est en train d\u2019\u00eatre commise \u00e0 l\u2019encontre du reste des jours de la semaine. Oui ! Une sorte de s\u00e9gr\u00e9gation qui s\u2019abat sur le lundi, le mercredi et le jeudi. POURQUOI ? Na\u00e2m ! Je pose et crie m\u00eame ma question : pourquoi priver ces trois autres jours de d\u00e9fil\u00e9s ? Tant qu\u2019on y est, tant que visiblement, nous n\u2019avons rien d\u2019autre \u00e0 faire par ces temps de famine \u00e0 venir, rajoutons le lundi, le mercredi et le jeudi \u00e0 notre calendrier de marches ! Pays \u00e0 l\u2019arr\u00eat pour pays \u00e0 l\u2019arr\u00eat, arr\u00eatons tout et marchons, ya bouguelb ! Lorsque le baril aura atteint les 4 dollars et des poussi\u00e8res de Hassi vide, nous devrons juste r\u00e9gler quelques menus probl\u00e8mes, trois fois rien, des broutilles : comment acheter des baskets neuves, les anciennes ayant rendu l\u2019\u00e2me apr\u00e8s une semaine compl\u00e8te de marches quotidiennes ? Quelle eau distribuer aux marcheurs, puisque toutes les usines d\u2019eau min\u00e9rale auront ferm\u00e9 faute de travailleurs. Et de mani\u00e8re plus perso, vu que mon \u00e9picier est lui aussi abonn\u00e9 aux marches, donc tout le temps rideau ferm\u00e9, comment vais-je me d\u00e9brouiller pour m\u2019approvisionner en th\u00e9 \u00e0 fumer afin de rester \u00e9veill\u00e9 \u00e0 ce cauchemar qui continue ?\u00a0<br \/><em><strong>H. L.<\/strong><\/em><\/p>\n<p>Auteur:<br \/>\n<a href=\"https:\/\/www.lesoirdalgerie.com\/pousse-avec-eux\/7-7-39939\">Cliquez ici pour lire l&rsquo;article depuis sa source.<\/a><\/p>\n","protected":false},"excerpt":{"rendered":"<p>Instruction judiciaire contre Na\u00efma S. S\u2019agissant d\u2019elle, enfin on peut parler\u2026 \u2026 d\u2019instruction ! Si le coronavirus ne t\u2019ach\u00e8ve pas, la faim va s\u2019en charger. Et tr\u00e8s bien s\u2019en charger. Elle a un alli\u00e9 de poids. Le baril chute sous les 35 dollars. Et les pr\u00e9visions des sp\u00e9cialistes en mauvaises nouvelles -Goldman Sachs, entre autres [&hellip;]<\/p>\n","protected":false},"author":1741,"featured_media":0,"comment_status":"closed","ping_status":"closed","sticky":false,"template":"","format":"standard","meta":{"fifu_image_url":"","fifu_image_alt":"","footnotes":""},"categories":[73,53],"tags":[],"class_list":["post-78693","post","type-post","status-publish","format-standard","hentry","category-actualite","category-algerie"],"_links":{"self":[{"href":"https:\/\/linitiative.ca\/International\/wp-json\/wp\/v2\/posts\/78693","targetHints":{"allow":["GET"]}}],"collection":[{"href":"https:\/\/linitiative.ca\/International\/wp-json\/wp\/v2\/posts"}],"about":[{"href":"https:\/\/linitiative.ca\/International\/wp-json\/wp\/v2\/types\/post"}],"author":[{"embeddable":true,"href":"https:\/\/linitiative.ca\/International\/wp-json\/wp\/v2\/users\/1741"}],"replies":[{"embeddable":true,"href":"https:\/\/linitiative.ca\/International\/wp-json\/wp\/v2\/comments?post=78693"}],"version-history":[{"count":0,"href":"https:\/\/linitiative.ca\/International\/wp-json\/wp\/v2\/posts\/78693\/revisions"}],"wp:attachment":[{"href":"https:\/\/linitiative.ca\/International\/wp-json\/wp\/v2\/media?parent=78693"}],"wp:term":[{"taxonomy":"category","embeddable":true,"href":"https:\/\/linitiative.ca\/International\/wp-json\/wp\/v2\/categories?post=78693"},{"taxonomy":"post_tag","embeddable":true,"href":"https:\/\/linitiative.ca\/International\/wp-json\/wp\/v2\/tags?post=78693"}],"curies":[{"name":"wp","href":"https:\/\/api.w.org\/{rel}","templated":true}]}}