{"id":78696,"date":"2020-03-10T06:00:00","date_gmt":"2020-03-10T10:00:00","guid":{"rendered":"https:\/\/linitiative.ca\/International\/report-du-50e-anniversaire-de-la-francophonie-au-niger\/"},"modified":"2020-03-10T06:00:00","modified_gmt":"2020-03-10T10:00:00","slug":"report-du-50e-anniversaire-de-la-francophonie-au-niger","status":"publish","type":"post","link":"https:\/\/linitiative.ca\/International\/report-du-50e-anniversaire-de-la-francophonie-au-niger\/","title":{"rendered":"Report du 50e anniversaire de la francophonie au Niger"},"content":{"rendered":"<p>Les c\u00e9l\u00e9brations du cinquanti\u00e8me anniversaire de la francophonie pr\u00e9vues \u00e0 Niamey les 19 et 20 mars vont \u00eatre report\u00e9es en raison de l&rsquo;\u00e9pid\u00e9mie de coronavirus, a indiqu\u00e9 lundi l&rsquo;ambassade du Niger \u00e0 Paris.<br \/>\u00abLes autorit\u00e9s nig\u00e9riennes ont d\u00e9cid\u00e9, \u00e0 titre pr\u00e9ventif, de reporter \u00e0 une date ult\u00e9rieure toutes les rencontres internationales devant se tenir dans les prochains jours \u00e0 Niamey\u00bb, indique le communiqu\u00e9 de l&rsquo;ambassade, pr\u00e9cisant que les \u00abc\u00e9l\u00e9brations du cinquantenaire de la francophonie\u00bb sont concern\u00e9es.<br \/>\u00abAucun cas\u00bb de coronavirus n&rsquo;a \u00e9t\u00e9 d\u00e9tect\u00e9 au Niger, rappelle l&rsquo;ambassade qui n&rsquo;a pas donn\u00e9 de nouvelle date pour la tenue de l&rsquo;\u00e9v\u00e8nement. Plusieurs activit\u00e9s \u00e9taient pr\u00e9vues pendant ces deux jours de c\u00e9l\u00e9bration, notamment une course \u00e0 pied dans les rues de la capitale nig\u00e9rienne et l&rsquo;inauguration d&rsquo;une \u00abplace de la Francophonie\u00bb en pr\u00e9sence de chefs d&rsquo;Etat et de gouvernement.<br \/>L&rsquo;Organisation internationale de la francophonie (OIF) pr\u00e9sid\u00e9e par la Rwandaise Louise Mushikiwabo, r\u00e9unit 84 Etats et gouvernements \u00abayant le fran\u00e7ais en partage\u00bb, dont 26 observateurs et quatre membres associ\u00e9s.<\/p>\n<p>Auteur:<br \/>\n<a href=\"https:\/\/www.lesoirdalgerie.com\/monde\/report-du-50e-anniversaire-de-la-francophonie-au-niger-39936\">Cliquez ici pour lire l&rsquo;article depuis sa source.<\/a><\/p>\n","protected":false},"excerpt":{"rendered":"<p>Les c\u00e9l\u00e9brations du cinquanti\u00e8me anniversaire de la francophonie pr\u00e9vues \u00e0 Niamey les 19 et 20 mars vont \u00eatre report\u00e9es en raison de l&rsquo;\u00e9pid\u00e9mie de coronavirus, a indiqu\u00e9 lundi l&rsquo;ambassade du Niger \u00e0 Paris.\u00abLes autorit\u00e9s nig\u00e9riennes ont d\u00e9cid\u00e9, \u00e0 titre pr\u00e9ventif, de reporter \u00e0 une date ult\u00e9rieure toutes les rencontres internationales devant se tenir dans les [&hellip;]<\/p>\n","protected":false},"author":1741,"featured_media":0,"comment_status":"closed","ping_status":"closed","sticky":false,"template":"","format":"standard","meta":{"fifu_image_url":"","fifu_image_alt":"","footnotes":""},"categories":[73,53],"tags":[],"class_list":["post-78696","post","type-post","status-publish","format-standard","hentry","category-actualite","category-algerie"],"_links":{"self":[{"href":"https:\/\/linitiative.ca\/International\/wp-json\/wp\/v2\/posts\/78696","targetHints":{"allow":["GET"]}}],"collection":[{"href":"https:\/\/linitiative.ca\/International\/wp-json\/wp\/v2\/posts"}],"about":[{"href":"https:\/\/linitiative.ca\/International\/wp-json\/wp\/v2\/types\/post"}],"author":[{"embeddable":true,"href":"https:\/\/linitiative.ca\/International\/wp-json\/wp\/v2\/users\/1741"}],"replies":[{"embeddable":true,"href":"https:\/\/linitiative.ca\/International\/wp-json\/wp\/v2\/comments?post=78696"}],"version-history":[{"count":0,"href":"https:\/\/linitiative.ca\/International\/wp-json\/wp\/v2\/posts\/78696\/revisions"}],"wp:attachment":[{"href":"https:\/\/linitiative.ca\/International\/wp-json\/wp\/v2\/media?parent=78696"}],"wp:term":[{"taxonomy":"category","embeddable":true,"href":"https:\/\/linitiative.ca\/International\/wp-json\/wp\/v2\/categories?post=78696"},{"taxonomy":"post_tag","embeddable":true,"href":"https:\/\/linitiative.ca\/International\/wp-json\/wp\/v2\/tags?post=78696"}],"curies":[{"name":"wp","href":"https:\/\/api.w.org\/{rel}","templated":true}]}}