{"id":78697,"date":"2020-03-10T13:21:11","date_gmt":"2020-03-10T17:21:11","guid":{"rendered":"https:\/\/linitiative.ca\/International\/mohamed-el-youbi-rassurant-sur-letat-de-sante-des-deux-cas-contamines\/"},"modified":"2020-03-10T13:21:11","modified_gmt":"2020-03-10T17:21:11","slug":"mohamed-el-youbi-rassurant-sur-letat-de-sante-des-deux-cas-contamines","status":"publish","type":"post","link":"https:\/\/linitiative.ca\/International\/mohamed-el-youbi-rassurant-sur-letat-de-sante-des-deux-cas-contamines\/","title":{"rendered":"Mohamed El Youbi rassurant sur l\u2019\u00e9tat de sant\u00e9 des deux cas contamin\u00e9s"},"content":{"rendered":"<p><strong>Le minist\u00e8re de la Sant\u00e9 s\u2019est voulu mardi rassurant sur l\u2019\u00e9tat de sant\u00e9 des deux personnes dont l\u2019infection au coronavirus a \u00e9t\u00e9 confirm\u00e9e, un jeune arriv\u00e9 r\u00e9cemment en provenance de l\u2019Italie et un touriste fran\u00e7ais.<\/strong><\/p>\n<div class=\"c10\"\/>\n<p>ce jour, le Maroc a annonc\u00e9 trois cas confirm\u00e9s de virus <strong>corona<\/strong>, dont celui d\u2019une femme \u00e2g\u00e9 qui a perdu la vie ce mardi et qui souffrait de maladies chroniques. Il s\u2019agit, en plus de ce cas de d\u00e9c\u00e8s, d\u2019un jeune de 39 ans diagnostiqu\u00e9 positif apr\u00e8s \u00eatre rentr\u00e9 d\u2019Italie et d\u2019un touriste fran\u00e7ais actuellement hospitalis\u00e9 \u00e0 Marrakech.<\/p>\n<p>Premier cas confirm\u00e9, le jeune homme \u00ab\u00a0ne pr\u00e9sente plus de sympt\u00f4mes du virus mais ne doit quitter l\u2019h\u00f4pital qu\u2019apr\u00e8s l\u2019ach\u00e8vement de tous les examens et analyses n\u00e9cessaires\u00a0\u00bb, a affirm\u00e9 El Youbi. Il a dans ce contexte insist\u00e9 sur l\u2019imp\u00e9ratif de ne pas confondre p\u00e9riode d\u2019incubation du virus et p\u00e9riode de traitement ou d\u2019hospitalisation qui varie selon les cas et peut durer jusqu\u2019\u00e0 un mois ou plus.<\/p>\n<p>Le troisi\u00e8me cas confirm\u00e9 concerne un ressortissant fran\u00e7ais arriv\u00e9 samedi \u00e0 <strong>Marrakech<\/strong>, plac\u00e9 actuellement sous assistance m\u00e9dicale dans un h\u00f4pital de la ville o\u00f9 il est pris en charge conform\u00e9ment aux mesures sanitaires. \u00ab\u00a0Son \u00e9tat de sant\u00e9 ne suscite pas d\u2019inqui\u00e9tudes\u00a0\u00bb, selon le minist\u00e8re. D\u2019apr\u00e8s le d\u00e9partement, le Royaume se trouve toujours dans le stade premier de contamination au virus corona puisqu\u2019il s\u2019agit de cas provenant de pays \u00e9trangers.<\/p>\n<p>Les services de la direction de l\u2019<strong>\u00e9pid\u00e9miologie<\/strong> et de lutte contre les maladies au minist\u00e8re de la Sant\u00e9 ont assur\u00e9 avoir pris \u00ab\u00a0les mesures n\u00e9cessaires pour l\u2019accompagnement des cas de maladie, conform\u00e9ment aux normes de s\u00e9curit\u00e9 sanitaire nationales et internationales en vigueur\u00a0\u00bb.<\/p>\n<div class=\"c17\">\n<fieldset class=\"c16\">\n<legend><strong><span class=\"c11\">Challenge<\/span><span class=\"c12\">news<\/span><\/strong><\/legend>\n<div class=\"c15\">Le meilleur de Challenge s\u00e9lectionn\u00e9 par la r\u00e9daction :<\/p>\n<\/div>\n<\/fieldset>\n<\/div>\n<p>Auteur: challenge<br \/>\n<a href=\"https:\/\/www.challenge.ma\/mohamed-el-youbi-rassurant-sur-letat-de-sante-des-deux-cas-contamines-131847\/\">Cliquez ici pour lire l&rsquo;article depuis sa source.<\/a><\/p>\n","protected":false},"excerpt":{"rendered":"<p>Le minist\u00e8re de la Sant\u00e9 s\u2019est voulu mardi rassurant sur l\u2019\u00e9tat de sant\u00e9 des deux personnes dont l\u2019infection au coronavirus a \u00e9t\u00e9 confirm\u00e9e, un jeune arriv\u00e9 r\u00e9cemment en provenance de l\u2019Italie et un touriste fran\u00e7ais. ce jour, le Maroc a annonc\u00e9 trois cas confirm\u00e9s de virus corona, dont celui d\u2019une femme \u00e2g\u00e9 qui a perdu [&hellip;]<\/p>\n","protected":false},"author":1787,"featured_media":0,"comment_status":"closed","ping_status":"closed","sticky":false,"template":"","format":"standard","meta":{"fifu_image_url":"","fifu_image_alt":"","footnotes":""},"categories":[78,54],"tags":[],"class_list":["post-78697","post","type-post","status-publish","format-standard","hentry","category-economie","category-maroc"],"_links":{"self":[{"href":"https:\/\/linitiative.ca\/International\/wp-json\/wp\/v2\/posts\/78697","targetHints":{"allow":["GET"]}}],"collection":[{"href":"https:\/\/linitiative.ca\/International\/wp-json\/wp\/v2\/posts"}],"about":[{"href":"https:\/\/linitiative.ca\/International\/wp-json\/wp\/v2\/types\/post"}],"author":[{"embeddable":true,"href":"https:\/\/linitiative.ca\/International\/wp-json\/wp\/v2\/users\/1787"}],"replies":[{"embeddable":true,"href":"https:\/\/linitiative.ca\/International\/wp-json\/wp\/v2\/comments?post=78697"}],"version-history":[{"count":0,"href":"https:\/\/linitiative.ca\/International\/wp-json\/wp\/v2\/posts\/78697\/revisions"}],"wp:attachment":[{"href":"https:\/\/linitiative.ca\/International\/wp-json\/wp\/v2\/media?parent=78697"}],"wp:term":[{"taxonomy":"category","embeddable":true,"href":"https:\/\/linitiative.ca\/International\/wp-json\/wp\/v2\/categories?post=78697"},{"taxonomy":"post_tag","embeddable":true,"href":"https:\/\/linitiative.ca\/International\/wp-json\/wp\/v2\/tags?post=78697"}],"curies":[{"name":"wp","href":"https:\/\/api.w.org\/{rel}","templated":true}]}}