{"id":78704,"date":"2020-03-10T16:36:59","date_gmt":"2020-03-10T20:36:59","guid":{"rendered":"https:\/\/linitiative.ca\/International\/tunisie-ghannouchi-et-ennahdha-seraient-ils-en-train-de-voler-a-kais-saied-ses-prerogatives\/"},"modified":"2020-03-10T16:36:59","modified_gmt":"2020-03-10T20:36:59","slug":"tunisie-ghannouchi-et-ennahdha-seraient-ils-en-train-de-voler-a-kais-saied-ses-prerogatives","status":"publish","type":"post","link":"https:\/\/linitiative.ca\/International\/tunisie-ghannouchi-et-ennahdha-seraient-ils-en-train-de-voler-a-kais-saied-ses-prerogatives\/","title":{"rendered":"Tunisie \u2013 Ghannouchi et Ennahdha seraient-ils en train de voler \u00e0 Ka\u00efs Sa\u00efed ses pr\u00e9rogatives ?"},"content":{"rendered":"<div class=\"post-cont-in left relative\">\n<p>Il semble bien que le Cheikh <a href=\"https:\/\/www.tunisienumerique.com\/tunisie-actualite\/rached-ghannouchi\/\" title=\"Ghannouchi\" target=\"_top\" class=\"auto-link\" rel=\"noopener noreferrer\">Ghannouchi<\/a>\u00a0soit d\u00e9cid\u00e9 \u00e0 mettre \u00e0 rude \u00e9preuve les nerfs du chef de l\u2019Etat. Et ce, en lui rendant la monnaie de sa pi\u00e8ce. il veut empi\u00e9ter sur les pr\u00e9rogatives du chef du\u00a0 gouvernement, normalement soumis \u00e0 l\u2019approbation de l\u2019ARP et des partis qui y repr\u00e9sentent la majorit\u00e9. Ghannouchi\u00a0veut\u00a0montrer Sa\u00efed qu\u2019il peut lui d\u00e9rober ses rares pr\u00e9rogatives.<\/p>\n<div class=\"code-block code-block-1 c3\"><ins class=\"adsbygoogle c2\" data-ad-layout=\"in-article\" data-ad-format=\"fluid\" data-ad-client=\"ca-pub-2102118777505746\" data-ad-slot=\"7301775417\"\/> <\/div>\n<p>Comme par hasard,\u00a0 en l\u2019espace de 24 heures, Ghannouchi et les siens ont empi\u00e9t\u00e9 d\u2019une fa\u00e7on flagrante, sur les plates bandes de <a href=\"https:\/\/www.tunisienumerique.com\/tunisie-actualite\/kais-saied\/\" title=\"Ka&#xEF;s Sa&#xEF;ed\" target=\"_top\" class=\"auto-link\" rel=\"noopener noreferrer\">Ka\u00efs Sa\u00efed<\/a>.\u00a0Le cheikh a convoqu\u00e9 le ministre des Affaires \u00e9trang\u00e8res, relevant, en principe exclusivement de la pr\u00e9sidence de la R\u00e9publique et lui a fait savoir qu\u2019il avait tout int\u00e9r\u00eat \u00e0 tisser des liens avec le \u00ab\u00a0centre du pouvoir\u00a0\u00bb qu\u2019est l\u2019ARP et \u00e0 adopter l\u2019habitude de s\u2019y pr\u00e9senter de fa\u00e7on r\u00e9guli\u00e8re, pour discuter des questions diplomatiques.<\/p>\n<p>Par ailleurs, presqu\u2019en m\u00eame temps, Ghannouchi a envoy\u00e9 les siens, en la personne des membres de la commission parlementaire des forces arm\u00e9es (en tenue), conduits par son ind\u00e9fectible Imed Khemiri, fourrer leur nez dans les affaires purement techniques de l\u2019arm\u00e9e, en rendant une visite de supervision \u00e0 la base navale de Bizerte.<\/p>\n<p>Le match semble devenir int\u00e9ressant entre les deux pr\u00e9sidents et on attend, d\u00e9sormais, avec impatience la contre-offensive de Ka\u00efs Sa\u00efed\u00a0!\u00a0Pendant ce temps les secrets de l\u2019arm\u00e9e nationale sont divulgu\u00e9s \u00e0 tout le monde et surtout, \u00e0 des personnes qui ont des ant\u00e9c\u00e9dents de diffusion de renseignements sens\u00e9s \u00eatre confidentiels.<\/p>\n<p><img loading=\"lazy\" decoding=\"async\" class=\"aligncenter size-full wp-image-503028\" src=\"https:\/\/www.tunisienumerique.com\/wp-content\/uploads\/2020\/03\/nah.jpg\" alt=\"\" width=\"640\" height=\"382\" srcset=\"https:\/\/www.tunisienumerique.com\/wp-content\/uploads\/2020\/03\/nah.jpg 640w, https:\/\/www.tunisienumerique.com\/wp-content\/uploads\/2020\/03\/nah-600x358.jpg 600w, https:\/\/www.tunisienumerique.com\/wp-content\/uploads\/2020\/03\/nah-450x270.jpg 450w, https:\/\/www.tunisienumerique.com\/wp-content\/uploads\/2020\/03\/nah-300x180.jpg 300w\" sizes=\"auto, (max-width: 640px) 100vw, 640px\"\/><\/p>\n<p><img loading=\"lazy\" decoding=\"async\" class=\"aligncenter size-full wp-image-503029\" src=\"https:\/\/www.tunisienumerique.com\/wp-content\/uploads\/2020\/03\/nah2.jpg\" alt=\"\" width=\"640\" height=\"427\" srcset=\"https:\/\/www.tunisienumerique.com\/wp-content\/uploads\/2020\/03\/nah2.jpg 640w, https:\/\/www.tunisienumerique.com\/wp-content\/uploads\/2020\/03\/nah2-600x400.jpg 600w\" sizes=\"auto, (max-width: 640px) 100vw, 640px\"\/><\/p>\n<div class=\"swp_social_panel swp_horizontal_panel swp_flat_fresh swp_default_full_color swp_individual_full_color swp_other_full_color scale-100 scale-\" data-min-width=\"1100\" data-float-color=\"#ffffff\" data-float=\"bottom\" data-float-mobile=\"bottom\" data-transition=\"slide\">\n<div class=\"nc_tweetContainer swp_share_button total_shares total_sharesalt\"><span class=\"swp_count\">24 <span class=\"swp_label\">Partages<\/span><\/span><\/div>\n<\/div>\n<p><strong>Que se passe-t-il en Tunisie?<\/strong><br \/>Nous expliquons sur notre <a href=\"https:\/\/www.youtube.com\/channel\/UCRzypVq0B_yBad5eGrwBx0Q?sub_confirmation=1\" target=\"_blank\" rel=\"noopener noreferrer\">cha\u00eene YouTube<\/a> . <a href=\"https:\/\/www.youtube.com\/channel\/UCRzypVq0B_yBad5eGrwBx0Q?sub_confirmation=1\" target=\"_blank\" rel=\"noopener noreferrer\">Abonnez-vous!<\/a><\/p>\n<div class=\"mvp-org-wrap mvp-org-logo\" itemprop=\"publisher\" itemscope=\"\" itemtype=\"https:\/\/schema.org\/Organization\"><img decoding=\"async\" src=\"https:\/\/www.tunisienumerique.com\/wp-content\/uploads\/2017\/02\/logo_tunisie_numerique.png\"\/><\/div>\n<div class=\"mvp-related-posts left relative\">\n<h4 class=\"post-header\"><span class=\"post-header\">Lire aussi<\/span><\/h4>\n<\/div>\n<div id=\"article-ad\"><ins class=\"adsbygoogle c4\" data-ad-client=\"ca-pub-2102118777505746\" data-ad-slot=\"6513972734\" data-ad-format=\"auto\" data-full-width-responsive=\"true\"\/> <\/div>\n<\/div>\n<div id=\"post-sidebar-wrap\"><ins class=\"adsbygoogle c4\" data-ad-client=\"ca-pub-2102118777505746\" data-ad-slot=\"6168283410\" data-ad-format=\"auto\" data-full-width-responsive=\"true\"\/> <\/div>\n<p>Auteur: LM<br \/>\n<a href=\"https:\/\/www.tunisienumerique.com\/tunisie-ghannouchi-et-ennahdha-seraient-ils-en-train-de-voler-a-kais-saied-ses-prerogatives\/\">Cliquez ici pour lire l&rsquo;article depuis sa source.<\/a><\/p>\n","protected":false},"excerpt":{"rendered":"<p>Il semble bien que le Cheikh Ghannouchi\u00a0soit d\u00e9cid\u00e9 \u00e0 mettre \u00e0 rude \u00e9preuve les nerfs du chef de l\u2019Etat. Et ce, en lui rendant la monnaie de sa pi\u00e8ce. il veut empi\u00e9ter sur les pr\u00e9rogatives du chef du\u00a0 gouvernement, normalement soumis \u00e0 l\u2019approbation de l\u2019ARP et des partis qui y repr\u00e9sentent la majorit\u00e9. Ghannouchi\u00a0veut\u00a0montrer Sa\u00efed [&hellip;]<\/p>\n","protected":false},"author":1789,"featured_media":78705,"comment_status":"closed","ping_status":"closed","sticky":false,"template":"","format":"standard","meta":{"fifu_image_url":"","fifu_image_alt":"","footnotes":""},"categories":[73,55],"tags":[],"class_list":["post-78704","post","type-post","status-publish","format-standard","has-post-thumbnail","hentry","category-actualite","category-tunisie"],"_links":{"self":[{"href":"https:\/\/linitiative.ca\/International\/wp-json\/wp\/v2\/posts\/78704","targetHints":{"allow":["GET"]}}],"collection":[{"href":"https:\/\/linitiative.ca\/International\/wp-json\/wp\/v2\/posts"}],"about":[{"href":"https:\/\/linitiative.ca\/International\/wp-json\/wp\/v2\/types\/post"}],"author":[{"embeddable":true,"href":"https:\/\/linitiative.ca\/International\/wp-json\/wp\/v2\/users\/1789"}],"replies":[{"embeddable":true,"href":"https:\/\/linitiative.ca\/International\/wp-json\/wp\/v2\/comments?post=78704"}],"version-history":[{"count":0,"href":"https:\/\/linitiative.ca\/International\/wp-json\/wp\/v2\/posts\/78704\/revisions"}],"wp:featuredmedia":[{"embeddable":true,"href":"https:\/\/linitiative.ca\/International\/wp-json\/"}],"wp:attachment":[{"href":"https:\/\/linitiative.ca\/International\/wp-json\/wp\/v2\/media?parent=78704"}],"wp:term":[{"taxonomy":"category","embeddable":true,"href":"https:\/\/linitiative.ca\/International\/wp-json\/wp\/v2\/categories?post=78704"},{"taxonomy":"post_tag","embeddable":true,"href":"https:\/\/linitiative.ca\/International\/wp-json\/wp\/v2\/tags?post=78704"}],"curies":[{"name":"wp","href":"https:\/\/api.w.org\/{rel}","templated":true}]}}