{"id":78708,"date":"2020-03-10T16:10:59","date_gmt":"2020-03-10T20:10:59","guid":{"rendered":"https:\/\/linitiative.ca\/International\/coronavirus-au-burkina\/"},"modified":"2020-03-10T16:10:59","modified_gmt":"2020-03-10T20:10:59","slug":"coronavirus-au-burkina","status":"publish","type":"post","link":"https:\/\/linitiative.ca\/International\/coronavirus-au-burkina\/","title":{"rendered":"CORONAVIRUS AU BURKINA"},"content":{"rendered":"<div class=\"stream-item stream-item-above-post-content\">\n<p><noscript><\/p>\n<p><a href=\"\/\/www3.smartadserver.com\/ac?jump=1&amp;nwid=2136&amp;siteid=240610&amp;pgname=rg&amp;fmtid=49046&amp;visit=m&amp;tmstp=[timestamp]&amp;out=nonrich\" target=\"_blank\" rel=\"noopener noreferrer\"><img decoding=\"async\" src=\"http:\/\/www3.smartadserver.com\/ac?out=nonrich&amp;nwid=2136&amp;siteid=240610&amp;pgname=rg&amp;fmtid=49046&amp;visit=m&amp;tmstp=[timestamp]\" border=\"0\" alt=\"\"\/><\/a><\/p>\n<p><\/noscript><\/div>\n<p class=\"c3\"><em>Apr\u00e8s une fausse alerte, il y a de cela un peu moins d\u2019un mois, le Burkina Faso enregistre, depuis le 9 mars dernier, ses deux premiers cas confirm\u00e9s de coronavirus. L\u2019annonce a \u00e9t\u00e9 faite le m\u00eame jour dans la soir\u00e9e, par la ministre de la Sant\u00e9, L\u00e9onie Claudine Lougu\u00e9, \u00e0 l\u2019h\u00f4pital de Tengandogo o\u00f9 les patients, un couple burkinab\u00e8 r\u00e9cemment rentr\u00e9s de France, ont \u00e9t\u00e9 admis pour des soins pendant qu\u2019une troisi\u00e8me personne, proche dudit couple, a \u00e9t\u00e9 mise en quarantaine pour observation. Pour un pays en pleine crise sociale et qui peine d\u00e9j\u00e0 \u00e0 faire face \u00e0 l\u2019hydre terroriste avec son corollaire de morts et de d\u00e9plac\u00e9s internes, l\u2019arriv\u00e9e de ce redout\u00e9 et redoutable virus qui fait des ravages dans le monde entier avec une centaine de pays d\u00e9j\u00e0 touch\u00e9s, est une tr\u00e8s mauvaise nouvelle. D\u2019autant que des pays autrement plus nantis et mieux pr\u00e9par\u00e9s que le Burkina, comme, par exemple, la France et l\u2019Italie qui sont aussi frapp\u00e9s de plein fouet, connaissent d\u2019\u00e9normes difficult\u00e9s \u00e0 faire face \u00e0 la maladie.<\/em><\/p>\n<p class=\"c3\"><strong><em>Il est imp\u00e9ratif de travailler \u00e0 r\u00e9duire les cas au strict minimum<\/em><\/strong><\/p>\n<p class=\"c3\"><em>M\u00eame la Chine qui passe actuellement pour \u00eatre la premi\u00e8re puissance \u00e9conomique mondiale et d\u2019o\u00f9 est partie l\u2019\u00e9pid\u00e9mie, n\u2019a pas fini de laisser des plumes dans la lutte contre un virus dont la rapidit\u00e9 de propagation ne laisse pas toujours le temps \u00e0 l\u2019organisation d\u2019une r\u00e9action appropri\u00e9e. C\u2019est pourquoi, dans des pays aussi vuln\u00e9rables et d\u00e9munis que les n\u00f4tres, o\u00f9 le syst\u00e8me de sant\u00e9 n\u2019est, en aucun point, comparable \u00e0 celui des grandes puissances, il est imp\u00e9ratif de travailler \u00e0 r\u00e9duire les cas au strict minimum pour ne pas courir \u00e0 la catastrophe en cas de large propagation. Vite donc des mesures fortes et drastiques pour circonscrire, autant que faire se peut, le mal. Cela est d\u2019autant plus n\u00e9cessaire que les int\u00e9ress\u00e9s, selon la ministre, sont rentr\u00e9s d\u2019Europe le 24 f\u00e9vrier dernier avant de pr\u00e9senter plus tard les sympt\u00f4mes de la maladie, qui se sont r\u00e9v\u00e9l\u00e9s positifs au test. Et m\u00eame si les autorit\u00e9s burkinab\u00e8 assurent avoir \u00e9tabli la tra\u00e7abilit\u00e9 du parcours des patients et, par mesure de pr\u00e9caution, mis en confinement, pour la p\u00e9riode d\u2019incubation du virus, les personnes identifi\u00e9es comme ayant \u00e9t\u00e9 en contact avec eux, la prudence recommande de garder la vigilance au niveau d\u2019alerte le plus \u00e9lev\u00e9 et de ne n\u00e9gliger aucun d\u00e9tail par laxisme ou par imprudence. Il ne faut certes pas c\u00e9der \u00e0 la panique encore moins en rajouter \u00e0 la psychose de la population d\u00e9j\u00e0 traumatis\u00e9e par les attaques terroristes \u00e0 r\u00e9p\u00e9tition, mais il ne faudrait pas non plus essayer de minimiser le probl\u00e8me au risque d\u2019\u00eatre rapidement d\u00e9bord\u00e9 et m\u00eame d\u00e9pass\u00e9 par la situation, en cas de multiplication soudaine et acc\u00e9l\u00e9r\u00e9e des cas. C\u2019est pourquoi il est capital que le gouvernement et les autorit\u00e9s sanitaires maintiennent une communication continue sur le sujet. D\u2019abord, en insistant, aupr\u00e8s des citoyens, sur les mesures de pr\u00e9vention et les bons r\u00e9flexes \u00e0 avoir pour \u00e9viter une propagation rapide de la maladie. Ces mesures pr\u00e9ventives vont, entre autres, du lavage r\u00e9gulier des mains au savon \u00e0 l\u2019utilisation de solutions hydro-alcooliques pour les frictionner.<\/em><\/p>\n<p class=\"c3\"><strong><em>Il ne serait pas superflu d\u2019envisager la possibilit\u00e9 de cong\u00e9s anticip\u00e9s dans les \u00e9tablissements scolaires<\/em><\/strong><\/p>\n<p class=\"c3\"><em>Il est aussi recommand\u00e9, \u00e0 d\u00e9faut d\u2019un mouchoir, de se couvrir la bouche et le nez avec le pli du coude avant de tousser ; \u00e9viter les contacts rapproch\u00e9s avec les personnes pr\u00e9sentant une toux et un rhume ; \u00e9viter le contact avec les animaux et la consommation de produits d\u2019origine animale mal cuits ; \u00e9viter de cracher par terre ; et en cas de fi\u00e8vre, de toux et de difficult\u00e9s respiratoires, se rendre imm\u00e9diatement dans un centre de sant\u00e9.\u00a0<\/em> <em>Ensuite, en plus de la mise sur pied d\u2019une cellule de crise charg\u00e9e du suivi de l\u2019\u00e9volution de la maladie, il ne serait pas superflu, pour le gouvernement, d\u2019envisager, d\u00e8s \u00e0 pr\u00e9sent, la possibilit\u00e9 de cong\u00e9s anticip\u00e9s dans les \u00e9tablissements scolaires, surtout en ce qui concerne les classes interm\u00e9diaires non concern\u00e9es par les examens de fin de cycles. L\u2019objectif \u00e9tant de diminuer les lieux de regroupement ou de forte concentration de populations, qui sont autant de foyers potentiels de propagation du virus. Dans le m\u00eame temps, des messages de sensibilisation pourraient \u00eatre relay\u00e9s dans les march\u00e9s et autres lieux de culte, \u00e0 l\u2019effet de freiner au maximum une \u00e9ventuelle propagation du virus. Ce serait un moindre mal, face aux mesures autrement plus contraignantes de confinement de populations enti\u00e8res auxquelles sont aujourd\u2019hui astreints certains pays.\u00a0<\/em> <em>Enfin, \u00e0 d\u00e9faut de pouvoir mettre syst\u00e9matiquement tous les voyageurs en quarantaine pour un temps d\u2019observation, ou de proc\u00e9der \u00e0 la fermeture des fronti\u00e8res qui ne serait pas sans cons\u00e9quences pour un pays enclav\u00e9 comme le n\u00f4tre, l\u2019on pourrait songer, si ce n\u2019est d\u00e9j\u00e0 fait, \u00e0 renforcer les dispositifs de contr\u00f4le et de d\u00e9tection \u00e0 l\u2019arriv\u00e9e, surtout dans les a\u00e9roports qui re\u00e7oivent le plus de voyageurs lointains dont certains ne se plient pas toujours rigoureusement aux consignes de s\u00e9curit\u00e9. C\u2019est \u00e0 ce prix et certainement \u00e0 bien d\u2019autres que l\u2019on pourrait se pr\u00e9munir contre la propagation d\u2019un mal auquel nous n\u2019avons visiblement pas les moyens de faire face, si l\u2019incivisme d\u00e9sormais l\u00e9gendaire et peu flatteur des Burkinab\u00e8 ne vient pas en rajouter \u00e0 la complexit\u00e9 d\u2019une \u00e9quation d\u00e9j\u00e0 bien difficile \u00e0 r\u00e9soudre pour les autorit\u00e9s.<\/em><\/p>\n<p class=\"c3\"><strong><em>\u00ab\u00a0Le Pays\u00a0\u00bb<\/em><\/strong><\/p>\n<p>Auteur: Le Pays<br \/>\n<a href=\"http:\/\/lepays.bf\/coronavirus-au-burkina\/\">Cliquez ici pour lire l&rsquo;article depuis sa source.<\/a><\/p>\n","protected":false},"excerpt":{"rendered":"<p>Apr\u00e8s une fausse alerte, il y a de cela un peu moins d\u2019un mois, le Burkina Faso enregistre, depuis le 9 mars dernier, ses deux premiers cas confirm\u00e9s de coronavirus. L\u2019annonce a \u00e9t\u00e9 faite le m\u00eame jour dans la soir\u00e9e, par la ministre de la Sant\u00e9, L\u00e9onie Claudine Lougu\u00e9, \u00e0 l\u2019h\u00f4pital de Tengandogo o\u00f9 les [&hellip;]<\/p>\n","protected":false},"author":1813,"featured_media":0,"comment_status":"closed","ping_status":"closed","sticky":false,"template":"","format":"standard","meta":{"fifu_image_url":"","fifu_image_alt":"","footnotes":""},"categories":[73,81],"tags":[],"class_list":["post-78708","post","type-post","status-publish","format-standard","hentry","category-actualite","category-burkina-faso"],"_links":{"self":[{"href":"https:\/\/linitiative.ca\/International\/wp-json\/wp\/v2\/posts\/78708","targetHints":{"allow":["GET"]}}],"collection":[{"href":"https:\/\/linitiative.ca\/International\/wp-json\/wp\/v2\/posts"}],"about":[{"href":"https:\/\/linitiative.ca\/International\/wp-json\/wp\/v2\/types\/post"}],"author":[{"embeddable":true,"href":"https:\/\/linitiative.ca\/International\/wp-json\/wp\/v2\/users\/1813"}],"replies":[{"embeddable":true,"href":"https:\/\/linitiative.ca\/International\/wp-json\/wp\/v2\/comments?post=78708"}],"version-history":[{"count":0,"href":"https:\/\/linitiative.ca\/International\/wp-json\/wp\/v2\/posts\/78708\/revisions"}],"wp:attachment":[{"href":"https:\/\/linitiative.ca\/International\/wp-json\/wp\/v2\/media?parent=78708"}],"wp:term":[{"taxonomy":"category","embeddable":true,"href":"https:\/\/linitiative.ca\/International\/wp-json\/wp\/v2\/categories?post=78708"},{"taxonomy":"post_tag","embeddable":true,"href":"https:\/\/linitiative.ca\/International\/wp-json\/wp\/v2\/tags?post=78708"}],"curies":[{"name":"wp","href":"https:\/\/api.w.org\/{rel}","templated":true}]}}