{"id":78709,"date":"2020-03-10T16:14:12","date_gmt":"2020-03-10T20:14:12","guid":{"rendered":"https:\/\/linitiative.ca\/International\/presidentielle-au-burundi\/"},"modified":"2020-03-10T16:14:12","modified_gmt":"2020-03-10T20:14:12","slug":"presidentielle-au-burundi","status":"publish","type":"post","link":"https:\/\/linitiative.ca\/International\/presidentielle-au-burundi\/","title":{"rendered":"PRESIDENTIELLE AU BURUNDI"},"content":{"rendered":"<div class=\"stream-item stream-item-above-post-content\">\n<p><noscript><\/p>\n<p><a href=\"\/\/www3.smartadserver.com\/ac?jump=1&amp;nwid=2136&amp;siteid=240610&amp;pgname=rg&amp;fmtid=49046&amp;visit=m&amp;tmstp=[timestamp]&amp;out=nonrich\" target=\"_blank\" rel=\"noopener noreferrer\"><img decoding=\"async\" src=\"http:\/\/www3.smartadserver.com\/ac?out=nonrich&amp;nwid=2136&amp;siteid=240610&amp;pgname=rg&amp;fmtid=49046&amp;visit=m&amp;tmstp=[timestamp]\" border=\"0\" alt=\"\"\/><\/a><\/p>\n<p><\/noscript><\/div>\n<p class=\"c3\"><em>La pr\u00e9sidentielle du 20 mai 2020 approche \u00e0 grands pas, au Burundi. En effet, \u00e0 moins de trois mois de ce rendez-vous important, la Commission \u00e9lectorale nationale ind\u00e9pendante (CENI) a rendu publique une liste de six candidats qu\u2019elle juge aptes \u00e0 briguer la succession du pr\u00e9sident Pierre Nkuruziza. Sur dix candidatures re\u00e7ues, l\u2019instance \u00e9lectorale burundaise en a valid\u00e9 six dont le candidat du parti au pouvoir, Evariste Ndayishimiye et le leader historique des rebelles hutu des FNL, qu\u2019est Agathon Rwasa. En revanche, quatre autres candidats dont l\u2019ancien pr\u00e9sident de la Transition, Domitien Ndayizey\u00e9, ont \u00e9t\u00e9 recal\u00e9s. Pour quelle raison\u00a0? Difficile d\u2019y r\u00e9pondre d\u2019autant que la CENI n\u2019a avanc\u00e9 aucune raison officielle. Pour le moins, on sait que ces candidats \u00e9cart\u00e9s de la course \u00e0 la pr\u00e9sidentielle ont la possibilit\u00e9 de se faire entendre aupr\u00e8s de la Cour constitutionnelle, et ce, dans les quarante-huit heures qui suivent la d\u00e9cision de la CENI. On attend de voir. Car, tout porte \u00e0 croire que le jeu est d\u00e9j\u00e0 vici\u00e9. Le pasteur-pr\u00e9sident Pierre Nkuruziza qui a jur\u00e9, la main sur le c\u0153ur, de ne plus briguer un nouveau mandat, donne l\u2019impression de travailler en sous-main pour ouvrir un boulevard \u00e0 son dauphin. Tant et si bien qu\u2019il ne m\u00e9nage aucun effort pour \u00e9carter tous les candidats capables de lui tailler des croupi\u00e8res.<\/em><\/p>\n<p class=\"c3\"><strong><em>C\u2019est \u00e0 se demander si la candidature de Agathon Rwasa n\u2019a pas \u00e9t\u00e9 suscit\u00e9e par le parti au pouvoir<\/em><\/strong><\/p>\n<p class=\"c3\"><em>On est d\u2019autant plus fond\u00e9 \u00e0 le croire quand on sait qu\u2019un politicard comme Agathon Rwasa dont le parti a \u00e9t\u00e9 agr\u00e9\u00e9, il y a \u00e0 peine un an, a vu sa candidature valid\u00e9e au moment o\u00f9 un parti comme le Frodebu qui avait remport\u00e9 haut la main les premi\u00e8res \u00e9lections libres du Burundi en 1993, a vu son leader recal\u00e9. Pouvait-il d\u2019ailleurs en \u00eatre autrement quand on sait qu\u2019en d\u00e9pit de la f\u00e9roce r\u00e9pression qui s\u2019\u00e9tait abattue sur ses militants, Agathon Rwasa avait pr\u00e9f\u00e9r\u00e9 abandonner ses camarades de l\u2019opposition pour rejoindre la majorit\u00e9 pr\u00e9sidentielle, devenant ainsi la vice-pr\u00e9sident de l\u2019Assembl\u00e9e nationale, en 2015. C\u2019est \u00e0 se demander d\u2019ailleurs si la candidature de ce dernier n\u2019a pas \u00e9t\u00e9 suscit\u00e9e par le parti au pouvoir qui, conscient que l\u2019homme est plus que jamais politiquement grill\u00e9, cherche \u00e0 sauver les apparences pour donner plus de l\u00e9gitimit\u00e9 \u00e0 la victoire prochaine de son candidat en laissant croire que l\u2019opposition a pris part \u00e0 la pr\u00e9sidentielle. De la poudre aux yeux, s\u2019il en est. Car, pourquoi avoir fait le choix d\u2019\u00e9carter les candidats s\u00e9rieux pour ne garder que les opposants dociles dans les rangs\u00a0? Peut-\u00eatre Nkurunziza craint-il de voir triompher un candidat de l\u2019opposition, la vraie, et de voir ainsi remise en cause la retraite dor\u00e9e qu\u2019il s\u2019est octroy\u00e9e aux frais de la princesse.<\/em><\/p>\n<p class=\"c3\"><strong><em>B.O<\/em><\/strong><\/p>\n<p>Auteur: Le Pays<br \/>\n<a href=\"http:\/\/lepays.bf\/presidentielle-au-burundi\/\">Cliquez ici pour lire l&rsquo;article depuis sa source.<\/a><\/p>\n","protected":false},"excerpt":{"rendered":"<p>La pr\u00e9sidentielle du 20 mai 2020 approche \u00e0 grands pas, au Burundi. En effet, \u00e0 moins de trois mois de ce rendez-vous important, la Commission \u00e9lectorale nationale ind\u00e9pendante (CENI) a rendu publique une liste de six candidats qu\u2019elle juge aptes \u00e0 briguer la succession du pr\u00e9sident Pierre Nkuruziza. Sur dix candidatures re\u00e7ues, l\u2019instance \u00e9lectorale burundaise [&hellip;]<\/p>\n","protected":false},"author":1813,"featured_media":0,"comment_status":"closed","ping_status":"closed","sticky":false,"template":"","format":"standard","meta":{"fifu_image_url":"","fifu_image_alt":"","footnotes":""},"categories":[73,81],"tags":[],"class_list":["post-78709","post","type-post","status-publish","format-standard","hentry","category-actualite","category-burkina-faso"],"_links":{"self":[{"href":"https:\/\/linitiative.ca\/International\/wp-json\/wp\/v2\/posts\/78709","targetHints":{"allow":["GET"]}}],"collection":[{"href":"https:\/\/linitiative.ca\/International\/wp-json\/wp\/v2\/posts"}],"about":[{"href":"https:\/\/linitiative.ca\/International\/wp-json\/wp\/v2\/types\/post"}],"author":[{"embeddable":true,"href":"https:\/\/linitiative.ca\/International\/wp-json\/wp\/v2\/users\/1813"}],"replies":[{"embeddable":true,"href":"https:\/\/linitiative.ca\/International\/wp-json\/wp\/v2\/comments?post=78709"}],"version-history":[{"count":0,"href":"https:\/\/linitiative.ca\/International\/wp-json\/wp\/v2\/posts\/78709\/revisions"}],"wp:attachment":[{"href":"https:\/\/linitiative.ca\/International\/wp-json\/wp\/v2\/media?parent=78709"}],"wp:term":[{"taxonomy":"category","embeddable":true,"href":"https:\/\/linitiative.ca\/International\/wp-json\/wp\/v2\/categories?post=78709"},{"taxonomy":"post_tag","embeddable":true,"href":"https:\/\/linitiative.ca\/International\/wp-json\/wp\/v2\/tags?post=78709"}],"curies":[{"name":"wp","href":"https:\/\/api.w.org\/{rel}","templated":true}]}}