{"id":78710,"date":"2020-03-10T09:27:19","date_gmt":"2020-03-10T13:27:19","guid":{"rendered":"https:\/\/linitiative.ca\/International\/developpement-des-industries-cultuelles-djebal-konate-examine-les-opportunites-pour-le-burkina-faso\/"},"modified":"2020-03-10T09:27:19","modified_gmt":"2020-03-10T13:27:19","slug":"developpement-des-industries-cultuelles-djebal-konate-examine-les-opportunites-pour-le-burkina-faso","status":"publish","type":"post","link":"https:\/\/linitiative.ca\/International\/developpement-des-industries-cultuelles-djebal-konate-examine-les-opportunites-pour-le-burkina-faso\/","title":{"rendered":"D\u00e9veloppement des industries cultuelles: Dj\u00e9bal Konat\u00e9 examine les opportunit\u00e9s pour\u00a0 le Burkina Faso  \u00a0"},"content":{"rendered":"<div class=\"td-post-featured-image\"><a href=\"https:\/\/i1.wp.com\/www.sidwaya.info\/wp-content\/uploads\/2020\/03\/1konate2.jpg?fit=341%2C318&amp;ssl=1\" data-caption=\"\"><img loading=\"lazy\" decoding=\"async\" width=\"341\" height=\"318\" class=\"entry-thumb td-modal-image\" src=\"https:\/\/i1.wp.com\/www.sidwaya.info\/wp-content\/uploads\/2020\/03\/1konate2.jpg?resize=341,318&amp;ssl=1\" srcset=\"https:\/\/i1.wp.com\/www.sidwaya.info\/wp-content\/uploads\/2020\/03\/1konate2.jpg?w=341&amp;ssl=1 341w, https:\/\/i1.wp.com\/www.sidwaya.info\/wp-content\/uploads\/2020\/03\/1konate2.jpg?resize=300%2C280&amp;ssl=1 300w\" sizes=\"auto, (max-width: 341px) 100vw, 341px\" alt=\"\" title=\"1konate2\"\/><\/a><\/div>\n<p><strong>L\u2019\u00e9tudiant Mohanz Ben Dj\u00e9bal Konat\u00e9 a soutenu son m\u00e9moire de master II en Diplomatie et relations internationales \u00e0 l\u2019Universit\u00e9 Libre du Burkina (ULB).<\/strong><\/p>\n<p><strong>\u00a0<\/strong>Avec la note de 18\/20, Mohanz Ben Dj\u00e9bal Konat\u00e9\u00a0 a obtenu le samedi 28 d\u00e9cembre 2019 son master en option diplomaties et relations internationales \u00e0 <strong>\u00a0<\/strong>l\u2019Universit\u00e9 libre du Burkina (ULB).\u00a0 \u00a0Et cela, devant un jury compos\u00e9 de Dr Poussi Sawadogo, de Dr Boniface BONOU et de SEM Ibrahima TOURE, que l\u2019\u00e9tudiant a d\u00e9fendu le contenu de son travail. Le th\u00e8me est intitul\u00e9 : \u00ab\u00a0<em>Convention sur la protection et la promotion de la diversit\u00e9 des expressions culturelles (UNESCO\/2005)\u00a0: quelles opportunit\u00e9s pour le d\u00e9veloppement des industries culturelles du Burkina Faso\u00a0?<strong>\u00a0\u00bb.<\/strong><\/em><\/p>\n<p>Pour lui, il\u00a0 est question d\u2019analyser la convention que le Burkina a ratifi\u00e9e depuis le 15 septembre 2006 qui portant la promotion de la diversit\u00e9\u00a0 des expressions culturelles. Un tel accord recommande aux Etats d\u2019adopter, selon l\u2019article 6 qui stipule : \u00ab\u00a0<em>les mesures qui visent \u00e0 fournir aux industries culturelles nationales ind\u00e9pendantes et aux activit\u00e9s du secteur informel un acc\u00e8s v\u00e9ritable aux moyens de production, de diffusion et de distribution d\u2019activit\u00e9s, biens et services culturels\u00a0\u00bb.<\/em><\/p>\n<p>Konat\u00e9 a mis plus en \u00e9vidence les \u00e9normes possibilit\u00e9s que le trait\u00e9 offre aux pays en d\u00e9veloppement en vue d\u2019une meilleure gouvernance de leurs industries culturelles. Dans son chef-\u0153uvre, Ben Dj\u00e9bal Konat\u00e9 s\u2019est plus pencher sur le domaine des \u00ab\u00a0arts de la sc\u00e8ne et festivit\u00e9s\u00a0\u00bb. D\u00e8s lors, il est ressorti de sa recherche un constat sur une situation qui sape \u00a0l\u2019efficacit\u00e9 de la plupart d\u2019entre elles. \u00a0Or, a-t-il poursuivi, l\u2019application de la convention est cens\u00e9e apporter davantage \u00e0 l\u2019action publique en faveur du d\u00e9veloppement de ces entit\u00e9s. \u00a0Dans ce sens, \u00a0il souligne que le Burkina Faso est dans la dynamique \u00a0au regard des reformes qu\u2019il a engag\u00e9es pour encourager les industries culturelles au plan national.<\/p>\n<p>Pendant une heure d\u2019\u00e9changes, les membres du jury ont reconnu de fa\u00e7on unanime la pertinence et l\u2019actualit\u00e9 du th\u00e8me d\u00e9velopp\u00e9.\u00a0 Ils ont appr\u00e9ci\u00e9 la qualit\u00e9 du travail tant dans la forme que dans le fond.\u00a0 Toutefois, ils ont relev\u00e9 quelques \u00a0coquilles. \u00a0Apr\u00e8s d\u00e9lib\u00e9ration, le document de l\u2019imp\u00e9trant a \u00e9t\u00e9 jug\u00e9e recevable. Elle est sanctionn\u00e9e par la mention \u00ab\u00a0excellente\u00a0\u00bb avec\u00a0 f\u00e9licitation du jury.<\/p>\n<p><strong>\u00a0<\/strong><\/p>\n<p><strong>Achille ZIGANI<\/strong><\/p>\n<div class=\"td-a-rec td-a-rec-id-content_bottom tdi_30_502 td_block_template_1\"><img loading=\"lazy\" decoding=\"async\" class=\"aligncenter size-full wp-image-9623\" src=\"https:\/\/www.sidwaya.info\/wp-content\/uploads\/2019\/06\/Projet-bannie\u0300re-Orange-mobile.jpg\" alt=\"\" width=\"728\" height=\"81\"\/><\/div>\n<p>Auteur: BS. Sidwaya<br \/>\n<a href=\"https:\/\/www.sidwaya.info\/blog\/2020\/03\/10\/developpement-des-industries-cultuelles-djebal-konate-examine-les-opportunites-pour-le-burkina-faso\/\">Cliquez ici pour lire l&rsquo;article depuis sa source.<\/a><\/p>\n","protected":false},"excerpt":{"rendered":"<p>L\u2019\u00e9tudiant Mohanz Ben Dj\u00e9bal Konat\u00e9 a soutenu son m\u00e9moire de master II en Diplomatie et relations internationales \u00e0 l\u2019Universit\u00e9 Libre du Burkina (ULB). \u00a0Avec la note de 18\/20, Mohanz Ben Dj\u00e9bal Konat\u00e9\u00a0 a obtenu le samedi 28 d\u00e9cembre 2019 son master en option diplomaties et relations internationales \u00e0 \u00a0l\u2019Universit\u00e9 libre du Burkina (ULB).\u00a0 \u00a0Et cela, [&hellip;]<\/p>\n","protected":false},"author":1816,"featured_media":0,"comment_status":"closed","ping_status":"closed","sticky":false,"template":"","format":"standard","meta":{"fifu_image_url":"","fifu_image_alt":"","footnotes":""},"categories":[73,81],"tags":[],"class_list":["post-78710","post","type-post","status-publish","format-standard","hentry","category-actualite","category-burkina-faso"],"_links":{"self":[{"href":"https:\/\/linitiative.ca\/International\/wp-json\/wp\/v2\/posts\/78710","targetHints":{"allow":["GET"]}}],"collection":[{"href":"https:\/\/linitiative.ca\/International\/wp-json\/wp\/v2\/posts"}],"about":[{"href":"https:\/\/linitiative.ca\/International\/wp-json\/wp\/v2\/types\/post"}],"author":[{"embeddable":true,"href":"https:\/\/linitiative.ca\/International\/wp-json\/wp\/v2\/users\/1816"}],"replies":[{"embeddable":true,"href":"https:\/\/linitiative.ca\/International\/wp-json\/wp\/v2\/comments?post=78710"}],"version-history":[{"count":0,"href":"https:\/\/linitiative.ca\/International\/wp-json\/wp\/v2\/posts\/78710\/revisions"}],"wp:attachment":[{"href":"https:\/\/linitiative.ca\/International\/wp-json\/wp\/v2\/media?parent=78710"}],"wp:term":[{"taxonomy":"category","embeddable":true,"href":"https:\/\/linitiative.ca\/International\/wp-json\/wp\/v2\/categories?post=78710"},{"taxonomy":"post_tag","embeddable":true,"href":"https:\/\/linitiative.ca\/International\/wp-json\/wp\/v2\/tags?post=78710"}],"curies":[{"name":"wp","href":"https:\/\/api.w.org\/{rel}","templated":true}]}}