{"id":78712,"date":"2020-03-10T17:18:03","date_gmt":"2020-03-10T21:18:03","guid":{"rendered":"https:\/\/linitiative.ca\/International\/sahel-jihadisme-pour-tiebile-drame-le-mali-explore-toutes-les-options-pour-la-paix\/"},"modified":"2020-03-10T17:18:03","modified_gmt":"2020-03-10T21:18:03","slug":"sahel-jihadisme-pour-tiebile-drame-le-mali-explore-toutes-les-options-pour-la-paix","status":"publish","type":"post","link":"https:\/\/linitiative.ca\/International\/sahel-jihadisme-pour-tiebile-drame-le-mali-explore-toutes-les-options-pour-la-paix\/","title":{"rendered":"Sahel-Jihadisme: Pour Tiebil\u00e9 Dram\u00e9, le Mali explore toutes \u00ab les options pour la paix \u00bb"},"content":{"rendered":"<div readability=\"32\">\n<p>Publi\u00e9 le 10.03.2020 \u00e0 22h18 par APA News<\/p>\n<\/div>\n<div readability=\"108\">\n<p>Cet entretien avec le chef de la diplomatie malienne, Ti\u00e9bil\u00e9 Dram\u00e9, au sujet de l\u2019id\u00e9e de dialogue entre le gouvernement et les groupes jihadistes a \u00e9t\u00e9 initialement publi\u00e9 le 17 f\u00e9vrier dernier. En raison de sa pertinence, nous le republions.Lors du Sommet de l\u2019Union Africaine \u00e0 Addis-Abeba, en \u00c9thiopie, tenu les 9 et 10 f\u00e9vrier, le pr\u00e9sident malien Ibrahim Boubacar Ke\u00efta a affirm\u00e9 que le Sahel constitue une digue contre la menace jihadiste qu\u2019il faut absolument prot\u00e9ger. A-t-il a \u00e9t\u00e9 entendu ?<\/p>\n<p>Ce sommet a \u00e9t\u00e9 un moment important de prise de conscience de la gravit\u00e9 de la situation s\u00e9curitaire au Sahel, de la gravit\u00e9 de la menace qu\u2019elle repr\u00e9sente pour le continent et pour le reste du monde. En premi\u00e8re ligne, les pays du Sahel sont dans la posture de la digue qui ne doit pas c\u00e9der.<\/p>\n<p>Beaucoup d\u2019intervenants ont d\u00e9plor\u00e9 le manque de solidarit\u00e9 entre Africains face \u00e0 la menace jihadiste. Avez-vous ressenti une d\u00e9termination des Africains \u00e0 aider les pays du Sahel pour combattre la menace ?<\/p>\n<p>Je vous ai parl\u00e9 d\u2019une prise de conscience. De toutes les d\u00e9clarations des leaders, il est apparu que l\u2019Afrique ne veut plus \u00eatre d\u00e9sormais une spectatrice. Elle veut jouer les premiers r\u00f4les. Il reste \u00e0 passer aux actes. La Communaut\u00e9 \u00e9conomique des Etats de l\u2019Afrique de l\u2019ouest (Cedeao) a donn\u00e9 le ton. Le reste du continent suivra, je l\u2019esp\u00e8re, tr\u00e8s bient\u00f4t.<\/p>\n<p>A lire aussi: \u00a0Mali: le dialogue avec les jihadistes doit impliquer les combattants (expert)<\/p>\n<p>Lors du sommet de Pau (France) qui a r\u00e9uni en janvier dernier, autour du pr\u00e9sident fran\u00e7ais Emmanuel Macron, les chefs d\u2019Etat du G5 Sahel, plusieurs mesures ont \u00e9t\u00e9 annonc\u00e9es. Avez-vous l\u2019impression qu\u2019il y a une r\u00e9elle volont\u00e9 des pays du Sahel de les appliquer ?<\/p>\n<p>Pau a \u00e9t\u00e9 un lieu d\u2019engagements communs du Sahel et de la France. Un mois apr\u00e8s, tout le monde peut voir que nous sommes entr\u00e9s dans le temps des actes concrets. Le dernier exemple le plus significatif de cette nouvelle \u00e9tape est l\u2019entr\u00e9e, le 13 f\u00e9vrier, des premi\u00e8res unit\u00e9s de la nouvelle arm\u00e9e malienne dans la ville de Kidal. C\u2019est un pas important du processus de r\u00e9unification et de stabilisation du Mali.<\/p>\n<p>Qu\u2019est-ce qui emp\u00eache, selon vous, les parties signataires \u00e0 appliquer l\u2019accord de paix d\u2019Alger sign\u00e9 en 2015 ?<\/p>\n<p>Cette question rel\u00e8ve du pass\u00e9 maintenant. Le d\u00e9ploiement de nos forces arm\u00e9es reconstitu\u00e9es \u00e0 Kidal est la preuve de la nouvelle impulsion donn\u00e9e au processus d\u2019Alger.<\/p>\n<p>A lire aussi: Mali : le dialogue tel que voulu par Iyad Ag-Ghali<\/p>\n<p>Certains pays africains r\u00e9clament leur entr\u00e9e dans le G5 Sahel, d\u2019autres souhaitent un cadre plus large. \u00cates-vous d\u2019accord ?<\/p>\n<p>La coalition pour le Sahel cr\u00e9\u00e9e \u00e0 Pau, le 13 janvier, est ouverte \u00e0 tous ceux qui veulent apporter leur contribution \u00e0 la lutte contre le fl\u00e9au du terrorisme.<\/p>\n<p>Le pr\u00e9sident Ke\u00efta, qui \u00e9tait oppos\u00e9 \u00e0 toute id\u00e9e de dialogue avec les jihadistes, a r\u00e9cemment chang\u00e9 d\u2019avis. Pourquoi ?<\/p>\n<p>Explorer les voies du dialogue avec les jihadistes maliens est une recommandation des forces vives du pays r\u00e9unies en congr\u00e8s du 14 au 22 d\u00e9cembre 2019. C\u2019est une recommandation qui s\u2019impose \u00e0 tous. Le pr\u00e9sident de la R\u00e9publique retiendra les meilleures options pour apaiser le pays et pour y restaurer la concorde. En r\u00e9sum\u00e9, il ne faut n\u00e9gliger aucune piste susceptible de nous conduire vers l\u2019apaisement, la paix et la concorde.<\/p>\n<\/div>\n<p>Auteur: APA News<br \/>\n<a href=\"https:\/\/www.journalducameroun.com\/sahel-jihadisme-pour-tiebile-drame-le-mali-explore-toutes-les-options-pour-la-paix\/\">Cliquez ici pour lire l&rsquo;article depuis sa source.<\/a><\/p>\n","protected":false},"excerpt":{"rendered":"<p>Publi\u00e9 le 10.03.2020 \u00e0 22h18 par APA News Cet entretien avec le chef de la diplomatie malienne, Ti\u00e9bil\u00e9 Dram\u00e9, au sujet de l\u2019id\u00e9e de dialogue entre le gouvernement et les groupes jihadistes a \u00e9t\u00e9 initialement publi\u00e9 le 17 f\u00e9vrier dernier. En raison de sa pertinence, nous le republions.Lors du Sommet de l\u2019Union Africaine \u00e0 Addis-Abeba, [&hellip;]<\/p>\n","protected":false},"author":1965,"featured_media":0,"comment_status":"closed","ping_status":"closed","sticky":false,"template":"","format":"standard","meta":{"fifu_image_url":"","fifu_image_alt":"","footnotes":""},"categories":[73,82],"tags":[],"class_list":["post-78712","post","type-post","status-publish","format-standard","hentry","category-actualite","category-cameroun"],"_links":{"self":[{"href":"https:\/\/linitiative.ca\/International\/wp-json\/wp\/v2\/posts\/78712","targetHints":{"allow":["GET"]}}],"collection":[{"href":"https:\/\/linitiative.ca\/International\/wp-json\/wp\/v2\/posts"}],"about":[{"href":"https:\/\/linitiative.ca\/International\/wp-json\/wp\/v2\/types\/post"}],"author":[{"embeddable":true,"href":"https:\/\/linitiative.ca\/International\/wp-json\/wp\/v2\/users\/1965"}],"replies":[{"embeddable":true,"href":"https:\/\/linitiative.ca\/International\/wp-json\/wp\/v2\/comments?post=78712"}],"version-history":[{"count":0,"href":"https:\/\/linitiative.ca\/International\/wp-json\/wp\/v2\/posts\/78712\/revisions"}],"wp:attachment":[{"href":"https:\/\/linitiative.ca\/International\/wp-json\/wp\/v2\/media?parent=78712"}],"wp:term":[{"taxonomy":"category","embeddable":true,"href":"https:\/\/linitiative.ca\/International\/wp-json\/wp\/v2\/categories?post=78712"},{"taxonomy":"post_tag","embeddable":true,"href":"https:\/\/linitiative.ca\/International\/wp-json\/wp\/v2\/tags?post=78712"}],"curies":[{"name":"wp","href":"https:\/\/api.w.org\/{rel}","templated":true}]}}