{"id":78713,"date":"2020-03-10T17:18:06","date_gmt":"2020-03-10T21:18:06","guid":{"rendered":"https:\/\/linitiative.ca\/International\/mali-le-dialogue-tel-que-voulu-par-iyad-ag-ghali\/"},"modified":"2020-03-10T17:18:06","modified_gmt":"2020-03-10T21:18:06","slug":"mali-le-dialogue-tel-que-voulu-par-iyad-ag-ghali","status":"publish","type":"post","link":"https:\/\/linitiative.ca\/International\/mali-le-dialogue-tel-que-voulu-par-iyad-ag-ghali\/","title":{"rendered":"Mali : le dialogue tel que voulu par Iyad Ag-Ghali"},"content":{"rendered":"<div readability=\"32\">\n<p>Publi\u00e9 le 10.03.2020 \u00e0 22h18 par APA News<\/p>\n<\/div>\n<div readability=\"102\">\n<p>Le principal chef jihadiste malien, Iyad Ag-Ghali, accepte de dialoguer avec Bamako mais \u00e0 condition\u2026\u00ab Que le gouvernement annonce ouvertement la fin de la pr\u00e9sence de la Force Barkhane et de la Minusma sur notre territoire. (\u2026) Ensuite, nous r\u00e9pondrons \u00e0 tout appel \u00e0 des n\u00e9gociations avec l\u2019Etat pour le bien du pays et du peuple \u00bb, \u00e9crit le principal groupe jihadiste malien, en allusion aux deux principales forces \u00e9trang\u00e8res pr\u00e9sentes au Mali : l\u2019op\u00e9ration militaire fran\u00e7aise et la mission militaire onusienne.<\/p>\n<p>Dans un communiqu\u00e9 publi\u00e9 dimanche 8 mars sur sa plateforme \u00e9lectronique al-Zallaqa, le Groupe de soutien de l\u2019Islam et des Musulmans (Gsim ou Jnim pour son nom en arabe (Jama\u2019at Nusrat al-Islam wal-Muslimin), estime qu\u2019il est impossible \u00ab de parler de n\u00e9gociations au vu de cette occupation \u00bb.<\/p>\n<p>Le groupe que dirige l\u2019ancien leader rebelle touareg malien converti au jihadisme, Iyad Ag-Ghali, 62 ans, exige que \u00ab les forces fran\u00e7aises et leurs collaborateurs quittent le Mali ; cessent leur agression et leur ing\u00e9rence manifeste et secr\u00e8te dans nos affaires, car nous n\u2019intervenons pas dans les leurs \u00bb.<\/p>\n<p>A lire aussi: Mali: le dialogue avec les jihadistes doit impliquer les combattants (expert)<\/p>\n<p>Pour les compagnons de ce natif de la r\u00e9gion de Boghassa (plus de 1000 km au nord-est de Bamako), si cette condition est satisfaite, le peuple malien d\u00e9couvrira qu\u2019ils sont \u00ab les plus pr\u00e9occup\u00e9s par la stabilit\u00e9, la s\u00e9curit\u00e9, le progr\u00e8s et l\u2019am\u00e9lioration des conditions de vie comme la sant\u00e9, l\u2019\u00e9ducation, le logement et le travail \u00bb.<\/p>\n<p>Dans sa lettre authentifi\u00e9e par le Centre am\u00e9ricain de surveillance des sites jihadistes (SITE), le Gsim mart\u00e8le que \u00ab si le gouvernement de Bamako veut vraiment servir les int\u00e9r\u00eats de son peuple, qu\u2019il adresse \u00e0 la France les demandes franches exprim\u00e9es par la population. Qu\u2019il annonce se tenir aux c\u00f4t\u00e9s de son peuple dont le d\u00e9sir l\u00e9gitime est d\u2019\u00eatre lib\u00e9r\u00e9 de cette occupation \u00bb.<\/p>\n<p>Ces djihadistes justifient leur position par le d\u00e9sir de vivre \u00ab comme des hommes libres et dignes sur (leur) terre comme le font les autres peuples du monde \u00bb.<\/p>\n<p>Ce communiqu\u00e9 du Gsim ou Jnim intervient quelques semaines apr\u00e8s la d\u00e9claration tenue le 10 f\u00e9vrier par le pr\u00e9sident Ibrahim Boubacar Ke\u00efta (IBK) dispos\u00e9 \u00e0 dialoguer avec les chefs jihadistes contr\u00f4lant une bonne partie du Mali.<\/p>\n<p>A lire aussi:<br \/>Sahel-Jihadisme: Pour Tiebil\u00e9 Dram\u00e9, le Mali explore toutes \u00ab les options pour la paix \u00bb<\/p>\n<p>Quelques jours avant la d\u00e9claration d\u2019IBK, en marge du 33e Sommet de l\u2019Union Africaine (UA) en Ethiopie, son Haut repr\u00e9sentant pour le centre, Dioncounda Traor\u00e9, expliquait avoir mandat\u00e9 des \u00e9missaires pour prendre contact avec les groupes jihadistes.<\/p>\n<p>A ce jour, Bamako n\u2019a pas donn\u00e9 suite aux conditions fix\u00e9es par Iyad Ag-Ghali. Mais dans un pass\u00e9 r\u00e9cent, Ibrahim Boubacar Ke\u00efta a affirm\u00e9 que \u00ab ceux qui demandent le d\u00e9part des forces \u00e9trang\u00e8res, sont des ennemis du Mali \u00bb.<\/p>\n<\/div>\n<p>Auteur: APA News<br \/>\n<a href=\"https:\/\/www.journalducameroun.com\/mali-le-dialogue-tel-que-voulu-par-iyad-ag-ghali\/\">Cliquez ici pour lire l&rsquo;article depuis sa source.<\/a><\/p>\n","protected":false},"excerpt":{"rendered":"<p>Publi\u00e9 le 10.03.2020 \u00e0 22h18 par APA News Le principal chef jihadiste malien, Iyad Ag-Ghali, accepte de dialoguer avec Bamako mais \u00e0 condition\u2026\u00ab Que le gouvernement annonce ouvertement la fin de la pr\u00e9sence de la Force Barkhane et de la Minusma sur notre territoire. (\u2026) Ensuite, nous r\u00e9pondrons \u00e0 tout appel \u00e0 des n\u00e9gociations avec [&hellip;]<\/p>\n","protected":false},"author":1965,"featured_media":0,"comment_status":"closed","ping_status":"closed","sticky":false,"template":"","format":"standard","meta":{"fifu_image_url":"","fifu_image_alt":"","footnotes":""},"categories":[73,82],"tags":[],"class_list":["post-78713","post","type-post","status-publish","format-standard","hentry","category-actualite","category-cameroun"],"_links":{"self":[{"href":"https:\/\/linitiative.ca\/International\/wp-json\/wp\/v2\/posts\/78713","targetHints":{"allow":["GET"]}}],"collection":[{"href":"https:\/\/linitiative.ca\/International\/wp-json\/wp\/v2\/posts"}],"about":[{"href":"https:\/\/linitiative.ca\/International\/wp-json\/wp\/v2\/types\/post"}],"author":[{"embeddable":true,"href":"https:\/\/linitiative.ca\/International\/wp-json\/wp\/v2\/users\/1965"}],"replies":[{"embeddable":true,"href":"https:\/\/linitiative.ca\/International\/wp-json\/wp\/v2\/comments?post=78713"}],"version-history":[{"count":0,"href":"https:\/\/linitiative.ca\/International\/wp-json\/wp\/v2\/posts\/78713\/revisions"}],"wp:attachment":[{"href":"https:\/\/linitiative.ca\/International\/wp-json\/wp\/v2\/media?parent=78713"}],"wp:term":[{"taxonomy":"category","embeddable":true,"href":"https:\/\/linitiative.ca\/International\/wp-json\/wp\/v2\/categories?post=78713"},{"taxonomy":"post_tag","embeddable":true,"href":"https:\/\/linitiative.ca\/International\/wp-json\/wp\/v2\/tags?post=78713"}],"curies":[{"name":"wp","href":"https:\/\/api.w.org\/{rel}","templated":true}]}}