{"id":78714,"date":"2020-03-10T17:18:09","date_gmt":"2020-03-10T21:18:09","guid":{"rendered":"https:\/\/linitiative.ca\/International\/mali-le-dialogue-avec-les-jihadistes-doit-impliquer-les-combattants-expert\/"},"modified":"2020-03-10T17:18:09","modified_gmt":"2020-03-10T21:18:09","slug":"mali-le-dialogue-avec-les-jihadistes-doit-impliquer-les-combattants-expert","status":"publish","type":"post","link":"https:\/\/linitiative.ca\/International\/mali-le-dialogue-avec-les-jihadistes-doit-impliquer-les-combattants-expert\/","title":{"rendered":"Mali: le dialogue avec les jihadistes doit impliquer les combattants (expert)"},"content":{"rendered":"<div readability=\"32\">\n<p>Publi\u00e9 le 10.03.2020 \u00e0 22h18 par APA News<\/p>\n<\/div>\n<div readability=\"92\">\n<p>La fin du conflit au nord du Mali n\u00e9cessite l\u2019implication des combattants dont les vis\u00e9es ne se recoupent pas toujours avec celles des chefs jihadistes, diss\u00e8que Ibrahim Ma\u00efga, chercheur \u00e0 l\u2019Institut d\u2019\u00e9tudes de s\u00e9curit\u00e9 (ISS) bas\u00e9 \u00e0 Bamako.\u00ab On a des groupes segment\u00e9s dont les int\u00e9r\u00eats des leaders ne co\u00efncident pas n\u00e9cessairement avec ceux du niveau interm\u00e9diaire, encore moins de la base combattante \u00bb, d\u00e9veloppe M. Ma\u00efga, sp\u00e9cialiste des questions de paix et de s\u00e9curit\u00e9 au Sahel.<\/p>\n<p>Pour s\u2019en convaincre, cet expert rel\u00e8ve que dans \u00ab les mouvements jihadistes, certains membres \u00e9voquent des raisons de vengeance, de protection d\u2019eux-m\u00eames, de leur famille, de leur communaut\u00e9 ou de leur b\u00e9tail. Parfois, c\u2019est pour l\u2019am\u00e9lioration de leur condition \u00e9conomique \u00bb.<\/p>\n<p>A lire aussi: Mali : le dialogue tel que voulu par Iyad Ag-Ghali<\/p>\n<p>L\u2019appel au dialogue du pr\u00e9sident malien Ibrahim Boubacar Ke\u00efta a trouv\u00e9 un \u00e9cho favorable aupr\u00e8s d\u2019Iyad Ag-Ghali, le chef \u00a0du Groupe de soutien \u00e0 l\u2019Islam et aux Musulmans (Gsim). Mais ce dernier, dans une lettre rendue publique dimanche 8 mars puis certifi\u00e9e le lendemain par le Centre am\u00e9ricain de surveillance des sites jihadistes (SITE), a demand\u00e9 le retrait des troupes de l\u2019op\u00e9ration Barkhane mais aussi de la Mission multidimensionnelle int\u00e9gr\u00e9e des Nations Unies pour la stabilisation au Mali (Minusma).<\/p>\n<p>\u00ab Le communiqu\u00e9 est plus politique que religieux. On a la preuve suppl\u00e9mentaire qu\u2019Iyad Ag-Ghali est un animal politique. L\u2019essentiel de son discours s\u2019articule autour de la pr\u00e9sence au Mali des forces \u00e9trang\u00e8res et des manifestations ayant eu lieu pour demander leur d\u00e9part. Il souhaite continuer \u00e0 jouer un r\u00f4le de premier plan que \u00e7a soit dans le cadre d\u2019une n\u00e9gociation ou pas \u00bb, analyse Ibrahim Ma\u00efga, titulaire d\u2019un Master en droit international et transnational de l\u2019universit\u00e9 de Laval (Canada).<\/p>\n<p>Poursuivant, le chercheur \u00e0 l\u2019Institut d\u2019\u00e9tudes de s\u00e9curit\u00e9 (ISS) soutient que, pour le moment, \u00ab les autorit\u00e9s maliennes ne souhaitent pas un retrait des forces \u00e9trang\u00e8res. Bamako veut plut\u00f4t une am\u00e9lioration de leur efficacit\u00e9 voire une r\u00e9vision de leur mandat \u00bb parce que le d\u00e9part pr\u00e9cipit\u00e9 des \u00e9l\u00e9ments de Barkhane et de la mission onusienne \u00ab pourrait \u00eatre dommageable\u00bb pour l\u2019Etat qui peine \u00e0 imposer son autorit\u00e9 dans certaines parties du pays.<\/p>\n<p>A lire aussi: Sahel-Jihadisme: Pour Tiebil\u00e9 Dram\u00e9, le Mali explore toutes \u00ab les options pour la paix \u00bb<\/p>\n<p>Jugeant que les revendications de cette figure du jihadisme au Sahel \u00ab ne sont pas nouvelles \u00bb, il d\u00e9c\u00e8le un pi\u00e8ge que doit imp\u00e9rativement \u00e9viter le gouvernement malien. \u00ab Le dialogue, tel qu\u2019il est aujourd\u2019hui pr\u00e9sent\u00e9 dans ses grandes lignes, est souvent assimil\u00e9 \u00e0 un processus de discussions entre les leaders jihadistes et les repr\u00e9sentants de l\u2019Etat \u00bb, note-t-il.<\/p>\n<p>Ibrahim Ma\u00efga d\u00e9fend l\u2019id\u00e9e selon laquelle, les n\u00e9gociations doivent \u00eatre plus larges : \u00ab Il faut que le dialogue soit plus d\u00e9mocratique et plus d\u00e9centralis\u00e9\u00bb.<\/p>\n<\/div>\n<p>Auteur: APA News<br \/>\n<a href=\"https:\/\/www.journalducameroun.com\/mali-le-dialogue-avec-les-jihadistes-doit-impliquer-les-combattants-expert\/\">Cliquez ici pour lire l&rsquo;article depuis sa source.<\/a><\/p>\n","protected":false},"excerpt":{"rendered":"<p>Publi\u00e9 le 10.03.2020 \u00e0 22h18 par APA News La fin du conflit au nord du Mali n\u00e9cessite l\u2019implication des combattants dont les vis\u00e9es ne se recoupent pas toujours avec celles des chefs jihadistes, diss\u00e8que Ibrahim Ma\u00efga, chercheur \u00e0 l\u2019Institut d\u2019\u00e9tudes de s\u00e9curit\u00e9 (ISS) bas\u00e9 \u00e0 Bamako.\u00ab On a des groupes segment\u00e9s dont les int\u00e9r\u00eats des [&hellip;]<\/p>\n","protected":false},"author":1965,"featured_media":0,"comment_status":"closed","ping_status":"closed","sticky":false,"template":"","format":"standard","meta":{"fifu_image_url":"","fifu_image_alt":"","footnotes":""},"categories":[73,82],"tags":[],"class_list":["post-78714","post","type-post","status-publish","format-standard","hentry","category-actualite","category-cameroun"],"_links":{"self":[{"href":"https:\/\/linitiative.ca\/International\/wp-json\/wp\/v2\/posts\/78714","targetHints":{"allow":["GET"]}}],"collection":[{"href":"https:\/\/linitiative.ca\/International\/wp-json\/wp\/v2\/posts"}],"about":[{"href":"https:\/\/linitiative.ca\/International\/wp-json\/wp\/v2\/types\/post"}],"author":[{"embeddable":true,"href":"https:\/\/linitiative.ca\/International\/wp-json\/wp\/v2\/users\/1965"}],"replies":[{"embeddable":true,"href":"https:\/\/linitiative.ca\/International\/wp-json\/wp\/v2\/comments?post=78714"}],"version-history":[{"count":0,"href":"https:\/\/linitiative.ca\/International\/wp-json\/wp\/v2\/posts\/78714\/revisions"}],"wp:attachment":[{"href":"https:\/\/linitiative.ca\/International\/wp-json\/wp\/v2\/media?parent=78714"}],"wp:term":[{"taxonomy":"category","embeddable":true,"href":"https:\/\/linitiative.ca\/International\/wp-json\/wp\/v2\/categories?post=78714"},{"taxonomy":"post_tag","embeddable":true,"href":"https:\/\/linitiative.ca\/International\/wp-json\/wp\/v2\/tags?post=78714"}],"curies":[{"name":"wp","href":"https:\/\/api.w.org\/{rel}","templated":true}]}}