{"id":78715,"date":"2020-03-10T17:50:04","date_gmt":"2020-03-10T21:50:04","guid":{"rendered":"https:\/\/linitiative.ca\/International\/kenya-lunique-girafe-blanche-femelle-tuee-par-des-braconniers\/"},"modified":"2020-03-10T17:50:04","modified_gmt":"2020-03-10T21:50:04","slug":"kenya-lunique-girafe-blanche-femelle-tuee-par-des-braconniers","status":"publish","type":"post","link":"https:\/\/linitiative.ca\/International\/kenya-lunique-girafe-blanche-femelle-tuee-par-des-braconniers\/","title":{"rendered":"Kenya : l\u2019unique girafe blanche femelle tu\u00e9e par des braconniers"},"content":{"rendered":"<div readability=\"32\">\n<p>Publi\u00e9 le 10.03.2020 \u00e0 22h50 par AFP<\/p>\n<\/div>\n<div readability=\"73\">\n<p>L\u2019unique girafe blanche femelle r\u00e9pertori\u00e9e au Kenya, et son petit ont \u00e9t\u00e9 tu\u00e9s par des braconniers dans une r\u00e9serve de l\u2019est du pays, a annonc\u00e9 mardi une association locale. Ces animaux extr\u00eamement rares n\u2019ont \u00e9t\u00e9 signal\u00e9s dans aucun autre pays du monde.<\/p>\n<p>Les corps des deux girafes aux peaux blanches en raison d\u2019une pigmentation rarissime ont \u00e9t\u00e9 trouv\u00e9s \u00ab\u00a0\u00e0 l\u2019\u00e9tat de squelette apr\u00e8s avoir \u00e9t\u00e9 tu\u00e9s par des braconniers\u00a0\u00bb dans une r\u00e9serve de Garissa, dans l\u2019est du Kenya.<\/p>\n<p>Apr\u00e8s leur disparition, il ne reste en vie qu\u2019une seule girafe blanche, un m\u00e2le, dont la m\u00e8re \u00e9tait la femelle abattue par des chasseurs, a indiqu\u00e9 dans un communiqu\u00e9 l\u2019association locale Ishaqbini Hirola, qui g\u00e8re la r\u00e9serve.<\/p>\n<p>\u00ab\u00a0Nous sommes la seule communaut\u00e9 au monde qui s\u2019occupe de pr\u00e9server la girafe blanche\u00a0\u00bb, a d\u00e9clar\u00e9 Mohammed Ahmednoor, le directeur de l\u2019association.<\/p>\n<p>\u00ab\u00a0Cette tuerie est un coup dur pour les mesures importantes prises par la communaut\u00e9 pour pr\u00e9server des esp\u00e8ces rares, et un appel \u00e0 la vigilance pour un soutien continu aux efforts de protection\u00a0\u00bb, a-t-il estim\u00e9.<\/p>\n<p>La girafe blanche a suscit\u00e9 un grand int\u00e9r\u00eat en 2017, lorsqu\u2019elle a \u00e9t\u00e9 aper\u00e7ue pour la premi\u00e8re fois dans la r\u00e9serve k\u00e9nyane et lorsqu\u2019elle a donn\u00e9 naissance \u00e0 deux petits, le dernier n\u00e9 en ao\u00fbt 2019.<\/p>\n<p>Ces girafes blanches pr\u00e9sentent les caract\u00e9ristiques non pas de l\u2019albinisme mais d\u2019une condition g\u00e9n\u00e9tique appel\u00e9e leucisme, due \u00e0 un d\u00e9ficit des cellules pigmentaires, que l\u2019on retrouve notamment chez certains tigres blancs.<\/p>\n<\/div>\n<p>Auteur: AFP<br \/>\n<a href=\"https:\/\/www.journalducameroun.com\/kenya-lunique-girafe-blanche-femelle-tuee-par-des-braconniers\/\">Cliquez ici pour lire l&rsquo;article depuis sa source.<\/a><\/p>\n","protected":false},"excerpt":{"rendered":"<p>Publi\u00e9 le 10.03.2020 \u00e0 22h50 par AFP L\u2019unique girafe blanche femelle r\u00e9pertori\u00e9e au Kenya, et son petit ont \u00e9t\u00e9 tu\u00e9s par des braconniers dans une r\u00e9serve de l\u2019est du pays, a annonc\u00e9 mardi une association locale. Ces animaux extr\u00eamement rares n\u2019ont \u00e9t\u00e9 signal\u00e9s dans aucun autre pays du monde. Les corps des deux girafes aux [&hellip;]<\/p>\n","protected":false},"author":1965,"featured_media":0,"comment_status":"closed","ping_status":"closed","sticky":false,"template":"","format":"standard","meta":{"fifu_image_url":"","fifu_image_alt":"","footnotes":""},"categories":[73,82],"tags":[],"class_list":["post-78715","post","type-post","status-publish","format-standard","hentry","category-actualite","category-cameroun"],"_links":{"self":[{"href":"https:\/\/linitiative.ca\/International\/wp-json\/wp\/v2\/posts\/78715","targetHints":{"allow":["GET"]}}],"collection":[{"href":"https:\/\/linitiative.ca\/International\/wp-json\/wp\/v2\/posts"}],"about":[{"href":"https:\/\/linitiative.ca\/International\/wp-json\/wp\/v2\/types\/post"}],"author":[{"embeddable":true,"href":"https:\/\/linitiative.ca\/International\/wp-json\/wp\/v2\/users\/1965"}],"replies":[{"embeddable":true,"href":"https:\/\/linitiative.ca\/International\/wp-json\/wp\/v2\/comments?post=78715"}],"version-history":[{"count":0,"href":"https:\/\/linitiative.ca\/International\/wp-json\/wp\/v2\/posts\/78715\/revisions"}],"wp:attachment":[{"href":"https:\/\/linitiative.ca\/International\/wp-json\/wp\/v2\/media?parent=78715"}],"wp:term":[{"taxonomy":"category","embeddable":true,"href":"https:\/\/linitiative.ca\/International\/wp-json\/wp\/v2\/categories?post=78715"},{"taxonomy":"post_tag","embeddable":true,"href":"https:\/\/linitiative.ca\/International\/wp-json\/wp\/v2\/tags?post=78715"}],"curies":[{"name":"wp","href":"https:\/\/api.w.org\/{rel}","templated":true}]}}