{"id":78717,"date":"2020-03-09T18:45:29","date_gmt":"2020-03-09T22:45:29","guid":{"rendered":"https:\/\/linitiative.ca\/International\/lambassadrice-du-sommet-afrique-france-rencontre-le-secteur-prive-camerounais\/"},"modified":"2020-03-09T18:45:29","modified_gmt":"2020-03-09T22:45:29","slug":"lambassadrice-du-sommet-afrique-france-rencontre-le-secteur-prive-camerounais","status":"publish","type":"post","link":"https:\/\/linitiative.ca\/International\/lambassadrice-du-sommet-afrique-france-rencontre-le-secteur-prive-camerounais\/","title":{"rendered":"L\u2019ambassadrice du sommet Afrique-France rencontre le secteur priv\u00e9 camerounais"},"content":{"rendered":"<p>Changer les villes pour changer la vie. C\u2019est le d\u00e9fi majeur projet\u00e9 par le Sommet Afrique-France \u00ab pour les villes et territoires durables \u00bb, th\u00e8me choisi pour la 28e rencontre entre les 54 pays d\u2019Afrique et leur partenaire hexagonal. St\u00e9phanie Rivoal, ambassadrice de ce sommet, a d\u00e9voil\u00e9 les contours de ce grand rendez-vous multilat\u00e9ral aux entreprises membres du Groupement Inter Patronal du Cameroun (Gicam).<\/p>\n<p>\u00ab Dans les pays du continent africain, tout comme en France, les villes attirent la majeure partie de la population. Chaque climat, chaque relief, chaque culture, chaque espace urbain constitue une probl\u00e9matique singuli\u00e8re et appelle \u00e0 des solutions sur mesure. Offrir l\u2019acc\u00e8s \u00e0 l\u2019\u00e9nergie et \u00e0 d\u2019autres services essentiels tels que se d\u00e9placer, se nourrir, se loger, se soigner, se former, acc\u00e9der \u00e0 l\u2019emploi ou financer des projets \u00bb, s\u2019est exprim\u00e9e le pl\u00e9nipotentiaire fran\u00e7ais.<\/p>\n<p><strong>Services essentiels<\/strong><\/p>\n<p>Les villes de Douala et Yaound\u00e9 sont en effet inscrites opportun\u00e9ment dans un processus d\u2019\u00e9laboration de services essentiels au profit de leurs populations. Dans le domaine des transports particuli\u00e8rement, avec l\u2019impl\u00e9mentation des Plans de mobilit\u00e9 urbaine soutenable (Pmus). La ville de Douala envisage par exemple se doter \u00e0 terme de moyens de d\u00e9placement multimodaux (tramway, fret, m\u00e9tro etc.\u2026) pour une enveloppe de 333 milliards de FCFA issue d\u2019un accord entre la Communaut\u00e9 urbaine de Douala, l\u2019Agence fran\u00e7aise de d\u00e9veloppement (AFD), et la Banque mondiale \u00e0 travers l\u2019initiative \u00ab Mobilise Your City \u00bb au profit de 100 villes du monde.<\/p>\n<p>Le Pmus entre par cons\u00e9quent dans la rubrique \u00ab se d\u00e9placer dans la ville \u00bb, l\u2019une des 7 th\u00e9matiques du sommet Afrique-France qui planchera \u00e9galement sur d\u2019autres enjeux li\u00e9s au d\u00e9veloppement durable : acc\u00e9der aux services essentiels, Nourrir les villes et consommer durable, vivre dans la ville, am\u00e9nager et embellir la ville, connecter la ville, financer et structurer les projets. \u00ab Il s\u2019agit d\u2019un salon professionnel ouvert aux porteurs de projets, entreprises, soci\u00e9t\u00e9 civile et institutions, qui changeront le visage de nos centres urbains. Tous ces acteurs pourront pr\u00e9senter in situ des solutions concr\u00e8tes pour les villes et territoires et ainsi offrir des opportunit\u00e9s d\u2019avenir \u00e0 nos futures g\u00e9n\u00e9rations \u00bb, explique St\u00e9phanie Rivoal.<\/p>\n<p><strong>Programme<\/strong><\/p>\n<p>Selon le chronogramme arr\u00eat\u00e9 par les organisateurs de l\u2019\u00e9v\u00e8nement qui se d\u00e9roule sur trois, il y a, entre autres, l\u2019ouverture de la Cit\u00e9 des solutions aux professionnels, le forum des maires et des \u00e9lus, l\u2019inauguration par les chefs d\u2019Etat et de gouvernements de la Cit\u00e9 des solutions, la visite des quartiers th\u00e9matiques et rencontres d\u2019affaires, pl\u00e9ni\u00e8re des chefs d\u2019Etat et de gouvernements, une visite des quartiers\u2026<\/p>\n<p>Sont attendus au 28e sommet Afrique-France 54 chefs d\u2019Etats et de gouvernements, plus de 500 acteurs \u00e9conomiques fran\u00e7ais et africains, 1 000 entrepreneurs africains, 15 000 acteurs de la ville durable, et 900 intervenants. La rencontre entre l\u2019ambassadrice du sommet Afrique-France et le Gicam a connu la pr\u00e9sence tr\u00e8s remarqu\u00e9e d\u2019Emmanuel de Tailly, directeur g\u00e9n\u00e9ral du Groupe Sabc, Chef de file des op\u00e9rateurs \u00e9conomiques fran\u00e7ais au Cameroun. 25 entreprises camerounaises ont d\u00e9j\u00e0 confirm\u00e9 leur participation au sommet de Bordeaux.<\/p>\n<div class=\"sharedaddy sd-sharing-enabled robots-nocontent sd-block sd-social sd-social-icon-text sd-sharing\">\n<h3 class=\"sd-title\">Partager\u00a0:<\/h3>\n<\/div>\n<p><h3 class=\"jp-relatedposts-headline\"><em>Articles similaires<\/em><\/h3>\n<\/p>\n<p>Auteur: Manuela Nomegne<br \/>\n<a href=\"https:\/\/ecomatin.net\/lambassadrice-du-sommet-afrique-france-rencontre-le-secteur-prive-camerounais\/\">Cliquez ici pour lire l&rsquo;article depuis sa source.<\/a><\/p>\n","protected":false},"excerpt":{"rendered":"<p>Changer les villes pour changer la vie. C\u2019est le d\u00e9fi majeur projet\u00e9 par le Sommet Afrique-France \u00ab pour les villes et territoires durables \u00bb, th\u00e8me choisi pour la 28e rencontre entre les 54 pays d\u2019Afrique et leur partenaire hexagonal. St\u00e9phanie Rivoal, ambassadrice de ce sommet, a d\u00e9voil\u00e9 les contours de ce grand rendez-vous multilat\u00e9ral aux [&hellip;]<\/p>\n","protected":false},"author":1969,"featured_media":0,"comment_status":"closed","ping_status":"closed","sticky":false,"template":"","format":"standard","meta":{"fifu_image_url":"","fifu_image_alt":"","footnotes":""},"categories":[82,78],"tags":[],"class_list":["post-78717","post","type-post","status-publish","format-standard","hentry","category-cameroun","category-economie"],"_links":{"self":[{"href":"https:\/\/linitiative.ca\/International\/wp-json\/wp\/v2\/posts\/78717","targetHints":{"allow":["GET"]}}],"collection":[{"href":"https:\/\/linitiative.ca\/International\/wp-json\/wp\/v2\/posts"}],"about":[{"href":"https:\/\/linitiative.ca\/International\/wp-json\/wp\/v2\/types\/post"}],"author":[{"embeddable":true,"href":"https:\/\/linitiative.ca\/International\/wp-json\/wp\/v2\/users\/1969"}],"replies":[{"embeddable":true,"href":"https:\/\/linitiative.ca\/International\/wp-json\/wp\/v2\/comments?post=78717"}],"version-history":[{"count":0,"href":"https:\/\/linitiative.ca\/International\/wp-json\/wp\/v2\/posts\/78717\/revisions"}],"wp:attachment":[{"href":"https:\/\/linitiative.ca\/International\/wp-json\/wp\/v2\/media?parent=78717"}],"wp:term":[{"taxonomy":"category","embeddable":true,"href":"https:\/\/linitiative.ca\/International\/wp-json\/wp\/v2\/categories?post=78717"},{"taxonomy":"post_tag","embeddable":true,"href":"https:\/\/linitiative.ca\/International\/wp-json\/wp\/v2\/tags?post=78717"}],"curies":[{"name":"wp","href":"https:\/\/api.w.org\/{rel}","templated":true}]}}