{"id":78718,"date":"2020-03-09T18:55:01","date_gmt":"2020-03-09T22:55:01","guid":{"rendered":"https:\/\/linitiative.ca\/International\/galim-8-personnes-tuees-au-cours-dune-attaque\/"},"modified":"2020-03-09T18:55:01","modified_gmt":"2020-03-09T22:55:01","slug":"galim-8-personnes-tuees-au-cours-dune-attaque","status":"publish","type":"post","link":"https:\/\/linitiative.ca\/International\/galim-8-personnes-tuees-au-cours-dune-attaque\/","title":{"rendered":"Galim\u00a0: 8 personnes tu\u00e9es au cours d\u2019une attaque"},"content":{"rendered":"<p>Les t\u00e9moignages entendus sur les lieux du crime soutiennent qu\u2019il \u00e9tait environ 19h30 samedi, lorsque des assaillants entrent \u00e0 Galim, dans la r\u00e9gion de l\u2019Ouest, munis d\u2019une dizaine de motos. Les rapports officieux disent qu\u2019ils venaient avec l\u2019intention de se ravitailler. \u00a0Cette version des faits rame dans le sens des propos tenus par Daniel Evoum, sous-pr\u00e9fet de Galim, qui s\u2019est adress\u00e9 aux m\u00e9dias sur le sujet.<\/p>\n<p>Selon le journal Le Jour du 9 mars, la vingtaine d\u2019assaillants serait venue de Balikumbat, dans le Nord-Ouest. Les populations se sont rendues compte de leur pr\u00e9sence au moment o\u00f9 ils ont tir\u00e9 des balles \u00e0 r\u00e9p\u00e9tition dans les airs. Semant ainsi la panique g\u00e9n\u00e9rale au sein des populations plong\u00e9es dans le noir total.<\/p>\n<p>Ce d\u00e9lestage a facilit\u00e9 le forfait. Les intrus ont attaqu\u00e9 simultan\u00e9ment la brigade et le commissariat de Galim, pr\u00e9cise le journal Mutation. Les deux gendarmes et deux policiers de garde cette nuit-l\u00e0 sont tu\u00e9s suite \u00e0 un affrontement.<\/p>\n<p class=\"c2\"><a href=\"https:\/\/ecomatin.net\/declaration-5-generaux-secessionnistes-implorent-le-retour-de-la-paix-dans-le-nord-ouest-et-le-sud-ouest\/\"><strong>Lire aussi :\u00a0<\/strong>declaration-5-generaux-secessionnistes-implorent-le-retour-de-la-paix-dans-le-nord-ouest-et-le-sud-ouest<\/a><\/p>\n<p>Au Commissariat, Salifou Supuyo, un gard\u00e9 \u00e0 vue au moment des faits, sera lui aussi retrouv\u00e9 mort apr\u00e8s l\u2019attaque. Au nombre des victimes se comptent, deux femmes gendarmes nouvellement affect\u00e9es dans la ville, deux policiers dont un gardien de la paix principal et un inspecteur de police premier grade. Le journal Cameroon Tribune de ce 9 mars parle de 4 civiles qui ont trouv\u00e9 la mort durant cette attaque.<\/p>\n<p>\u00c0 la brigade, 2 armes et 6 boites chargeurs garnies ont \u00e9t\u00e9 emport\u00e9es\u00a0; tandis que du c\u00f4t\u00e9 du commissariat de s\u00e9curit\u00e9 publiques, deux armes et des munitions ont \u00e9galement \u00e9t\u00e9 emport\u00e9es. Le calvaire des populations de Galim a dur\u00e9 un peu plus d\u2019une heure et trente minutes. Le calme est revenu avec l\u2019intervention des renforts venus de Bafoussam.<\/p>\n<p>\u00c0 Galim, le 08 mars s est c\u00e9l\u00e9br\u00e9 dans des mares de sang. En ce moment, les op\u00e9rations de ratissage se poursuivent.<\/p>\n<p><strong>Liens<\/strong>\/\/\/<a href=\"https:\/\/ecomatin.net\/declaration-5-generaux-secessionnistes-implorent-le-retour-de-la-paix-dans-le-nord-ouest-et-le-sud-ouest\/\">https:\/\/ecomatin.net\/declaration-5-generaux-secessionnistes-implorent-le-retour-de-la-paix-dans-le-nord-ouest-et-le-sud-ouest\/<\/a><\/p>\n<div class=\"sharedaddy sd-sharing-enabled robots-nocontent sd-block sd-social sd-social-icon-text sd-sharing\">\n<h3 class=\"sd-title\">Partager\u00a0:<\/h3>\n<\/div>\n<p><h3 class=\"jp-relatedposts-headline\"><em>Articles similaires<\/em><\/h3>\n<\/p>\n<p>Auteur: Manuela Nomegne<br \/>\n<a href=\"https:\/\/ecomatin.net\/galim-8-personnes-tuees-au-cours-dune-attaque\/\">Cliquez ici pour lire l&rsquo;article depuis sa source.<\/a><\/p>\n","protected":false},"excerpt":{"rendered":"<p>Les t\u00e9moignages entendus sur les lieux du crime soutiennent qu\u2019il \u00e9tait environ 19h30 samedi, lorsque des assaillants entrent \u00e0 Galim, dans la r\u00e9gion de l\u2019Ouest, munis d\u2019une dizaine de motos. Les rapports officieux disent qu\u2019ils venaient avec l\u2019intention de se ravitailler. \u00a0Cette version des faits rame dans le sens des propos tenus par Daniel Evoum, [&hellip;]<\/p>\n","protected":false},"author":1969,"featured_media":0,"comment_status":"closed","ping_status":"closed","sticky":false,"template":"","format":"standard","meta":{"fifu_image_url":"","fifu_image_alt":"","footnotes":""},"categories":[82,78],"tags":[],"class_list":["post-78718","post","type-post","status-publish","format-standard","hentry","category-cameroun","category-economie"],"_links":{"self":[{"href":"https:\/\/linitiative.ca\/International\/wp-json\/wp\/v2\/posts\/78718","targetHints":{"allow":["GET"]}}],"collection":[{"href":"https:\/\/linitiative.ca\/International\/wp-json\/wp\/v2\/posts"}],"about":[{"href":"https:\/\/linitiative.ca\/International\/wp-json\/wp\/v2\/types\/post"}],"author":[{"embeddable":true,"href":"https:\/\/linitiative.ca\/International\/wp-json\/wp\/v2\/users\/1969"}],"replies":[{"embeddable":true,"href":"https:\/\/linitiative.ca\/International\/wp-json\/wp\/v2\/comments?post=78718"}],"version-history":[{"count":0,"href":"https:\/\/linitiative.ca\/International\/wp-json\/wp\/v2\/posts\/78718\/revisions"}],"wp:attachment":[{"href":"https:\/\/linitiative.ca\/International\/wp-json\/wp\/v2\/media?parent=78718"}],"wp:term":[{"taxonomy":"category","embeddable":true,"href":"https:\/\/linitiative.ca\/International\/wp-json\/wp\/v2\/categories?post=78718"},{"taxonomy":"post_tag","embeddable":true,"href":"https:\/\/linitiative.ca\/International\/wp-json\/wp\/v2\/tags?post=78718"}],"curies":[{"name":"wp","href":"https:\/\/api.w.org\/{rel}","templated":true}]}}