{"id":78720,"date":"2020-03-10T09:24:08","date_gmt":"2020-03-10T13:24:08","guid":{"rendered":"https:\/\/linitiative.ca\/International\/le-feicom-dispose-dun-nouveau-systeme-de-collecte-de-fonds\/"},"modified":"2020-03-10T09:24:08","modified_gmt":"2020-03-10T13:24:08","slug":"le-feicom-dispose-dun-nouveau-systeme-de-collecte-de-fonds","status":"publish","type":"post","link":"https:\/\/linitiative.ca\/International\/le-feicom-dispose-dun-nouveau-systeme-de-collecte-de-fonds\/","title":{"rendered":"Le Feicom dispose d\u2019un nouveau syst\u00e8me de collecte de fonds"},"content":{"rendered":"<div class=\"featured-area featured-area-inner\" readability=\"7\"><img loading=\"lazy\" decoding=\"async\" width=\"592\" height=\"296\" src=\"https:\/\/i1.wp.com\/ecomatin.net\/wp-content\/uploads\/2020\/03\/siege-feicom.jpg?resize=592,296&amp;ssl=1&amp;is-pending-load=1\" class=\"attachment-jannah-image-post size-jannah-image-post wp-post-image jetpack-lazy-image\" alt=\"\" data-lazy-srcset=\"https:\/\/i1.wp.com\/ecomatin.net\/wp-content\/uploads\/2020\/03\/siege-feicom.jpg?w=592&amp;ssl=1 592w, https:\/\/i1.wp.com\/ecomatin.net\/wp-content\/uploads\/2020\/03\/siege-feicom.jpg?resize=300%2C150&amp;ssl=1 300w\" data-lazy-sizes=\"(max-width: 592px) 100vw, 592px\" srcset=\"data:image\/gif;base64,R0lGODlhAQABAIAAAAAAAP\/\/\/yH5BAEAAAAALAAAAAABAAEAAAIBRAA7\"\/> Si\u00e8ge du Feicom \u00e0 Yaound\u00e9<\/div>\n<div class=\"entry-content entry clearfix\" readability=\"49.6842105263\">\n<p>Le vent de la d\u00e9centralisation souffle avec de nouvelles mesures pour acc\u00e9l\u00e9rer son impl\u00e9mentation. En effet le ministre de la D\u00e9centralisation et du D\u00e9veloppement local, Georges Elanga Obam a confi\u00e9 sur les antennes de la t\u00e9l\u00e9vision nationale Crtv que : \u00ab le Feicom a \u00e9t\u00e9 dot\u00e9 d\u2019une nouvelle capacit\u00e9 \u00e0 chercher les fonds pour les mettre \u00e0 la disposition des CTD \u00bb.<\/p>\n<p>Le Fonds sp\u00e9cial d\u2019\u00e9quipement et d\u2019intervention intercommunale (Feicom), connu aussi sous le nom de \u00ab\u00a0banque des communes camerounaises\u00a0\u00bb, a pour mission de collecter et de redistribuer les centimes additionnels communaux \u00e0 hauteur de 70% \u00e0 toutes les communes et communaut\u00e9s urbaines camerounaises.<\/p>\n<p><a href=\"https:\/\/ecomatin.net\/le-feicom-adopte-un-budget-de-166-milliards-de-fcfa-pour-lexercice-2020\/\"><strong>Lire aussi\u00a0: Le Feicom adopte un budget de 166 milliards de FCFA pour l\u2019exercice 2020<\/strong><\/a><\/p>\n<p>Pour cette ann\u00e9e 2020, il a fix\u00e9 son budget \u00e0 166,44 milliards de FCFA soit 34,84 milliards de FCFA pour les investissements communaux, et 94,80 milliards de FCFA pour les imp\u00f4ts communaux soumis \u00e0 p\u00e9r\u00e9quation, le reste \u00e9tant destin\u00e9 entre autres au financement des projets et programmes de coop\u00e9ration.<\/p>\n<div class=\"sharedaddy sd-sharing-enabled robots-nocontent sd-block sd-social sd-social-icon-text sd-sharing\">\n<h3 class=\"sd-title\">Partager\u00a0:<\/h3>\n<\/div>\n<p><h3 class=\"jp-relatedposts-headline\"><em>Articles similaires<\/em><\/h3>\n<\/p>\n<\/div>\n<div class=\"toggle-post-content clearfix\"><a id=\"toggle-post-button\" class=\"button\" href=\"#\">Afficher plus <\/a><\/div>\n<p>Auteur: Manuela Nomegne<br \/>\n<a href=\"https:\/\/ecomatin.net\/le-feicom-dispose-dun-nouveau-systeme-de-collecte-de-fonds\/\">Cliquez ici pour lire l&rsquo;article depuis sa source.<\/a><\/p>\n","protected":false},"excerpt":{"rendered":"<p>Si\u00e8ge du Feicom \u00e0 Yaound\u00e9 Le vent de la d\u00e9centralisation souffle avec de nouvelles mesures pour acc\u00e9l\u00e9rer son impl\u00e9mentation. En effet le ministre de la D\u00e9centralisation et du D\u00e9veloppement local, Georges Elanga Obam a confi\u00e9 sur les antennes de la t\u00e9l\u00e9vision nationale Crtv que : \u00ab le Feicom a \u00e9t\u00e9 dot\u00e9 d\u2019une nouvelle capacit\u00e9 \u00e0 [&hellip;]<\/p>\n","protected":false},"author":1969,"featured_media":0,"comment_status":"closed","ping_status":"closed","sticky":false,"template":"","format":"standard","meta":{"fifu_image_url":"","fifu_image_alt":"","footnotes":""},"categories":[82,78],"tags":[],"class_list":["post-78720","post","type-post","status-publish","format-standard","hentry","category-cameroun","category-economie"],"_links":{"self":[{"href":"https:\/\/linitiative.ca\/International\/wp-json\/wp\/v2\/posts\/78720","targetHints":{"allow":["GET"]}}],"collection":[{"href":"https:\/\/linitiative.ca\/International\/wp-json\/wp\/v2\/posts"}],"about":[{"href":"https:\/\/linitiative.ca\/International\/wp-json\/wp\/v2\/types\/post"}],"author":[{"embeddable":true,"href":"https:\/\/linitiative.ca\/International\/wp-json\/wp\/v2\/users\/1969"}],"replies":[{"embeddable":true,"href":"https:\/\/linitiative.ca\/International\/wp-json\/wp\/v2\/comments?post=78720"}],"version-history":[{"count":0,"href":"https:\/\/linitiative.ca\/International\/wp-json\/wp\/v2\/posts\/78720\/revisions"}],"wp:attachment":[{"href":"https:\/\/linitiative.ca\/International\/wp-json\/wp\/v2\/media?parent=78720"}],"wp:term":[{"taxonomy":"category","embeddable":true,"href":"https:\/\/linitiative.ca\/International\/wp-json\/wp\/v2\/categories?post=78720"},{"taxonomy":"post_tag","embeddable":true,"href":"https:\/\/linitiative.ca\/International\/wp-json\/wp\/v2\/tags?post=78720"}],"curies":[{"name":"wp","href":"https:\/\/api.w.org\/{rel}","templated":true}]}}