{"id":78721,"date":"2020-03-11T09:06:14","date_gmt":"2020-03-11T13:06:14","guid":{"rendered":"https:\/\/linitiative.ca\/International\/mobilite-urbaine-les-bus-a-haut-niveau-de-service-bientot-dans-les-stations-dagadir\/"},"modified":"2020-03-11T09:06:14","modified_gmt":"2020-03-11T13:06:14","slug":"mobilite-urbaine-les-bus-a-haut-niveau-de-service-bientot-dans-les-stations-dagadir","status":"publish","type":"post","link":"https:\/\/linitiative.ca\/International\/mobilite-urbaine-les-bus-a-haut-niveau-de-service-bientot-dans-les-stations-dagadir\/","title":{"rendered":"Mobilit\u00e9 urbaine : Les Bus \u00e0 haut niveau de service bient\u00f4t dans les stations d\u2019Agadir"},"content":{"rendered":"<p><img decoding=\"async\" class=\"post_layout_5_img\" src=\"http:\/\/aujourdhui.ma\/wp-content\/uploads\/2019\/07\/bus-agadir.jpg?x29840\" alt=\"Mobilit&#xE9; urbaine : Les Bus &#xE0; haut niveau de service bient&#xF4;t dans les stations d&#x2019;Agadir\"\/><\/p>\n<p class=\"p1\"><span class=\"s1\"><span class=\"c4\"><strong>Le Conseil r\u00e9gional du Souss-Massa, r\u00e9uni lundi lors d\u2019une session extraordinaire, a approuv\u00e9 la convention de partenariat relative \u00e0 la r\u00e9alisation de la premi\u00e8re ligne du Bus \u00e0 haut niveau de service (BHNS) de la ville d\u2019Agadir sur un lin\u00e9aire de 15,5 km.<\/strong><\/span><\/span><span id=\"more-336291\"\/><\/p>\n<p class=\"p1\"><span class=\"s1\">Ce projet qui fait partie du Programme de d\u00e9veloppement urbain d\u2019Agadir (2020-2024) sign\u00e9 \u00e0 Agadir d\u00e9but f\u00e9vrier dernier devant Sa Majest\u00e9 le Roi porte sur la modernisation des transports en commun de la ville d\u2019Agadir pour renforcer son attractivit\u00e9 \u00e9conomique et touristique \u00e0 travers la cr\u00e9ation d\u2019une ligne de Bus \u00e0 haut niveau de service \u00e0 la fois performante et respectueuse de l\u2019environnement. Le BHNS devra rallier le port d\u2019Agadir au quartier de Tikiouine et aux zones industrielles avoisinantes et desservira le quartier administratif de la ville, l\u2019avenue Hassan II, Souk El Had, l\u2019avenue Hassan Ier, le complexe universitaire Ibn Zohr et la zone industrielle de Tassila.<\/span><\/p>\n<p class=\"p1\"><span class=\"s1\">Ce dernier permettra d\u2019atteindre un niveau de performance plus \u00e9lev\u00e9 qu\u2019une ligne de bus classique afin d\u2019offrir des niveaux de service pratiquement comparables \u00e0 ceux d\u2019un syst\u00e8me tel que le tramway. Dans ce sens, l\u2019\u00e9tude de faisabilit\u00e9 de cette premi\u00e8re ligne intra-muros ayant d\u00e9j\u00e0 \u00e9t\u00e9 livr\u00e9e pr\u00e9voit de transporter entre 40.000 et 60.000 usagers par jour par ces bus de 18 m\u00e8tres articul\u00e9s, avec des navettes toutes les 5 minutes.<\/span><\/p>\n<p class=\"p1\"><span class=\"s1\">Par ailleurs, la soci\u00e9t\u00e9 de d\u00e9veloppement local \u00abGrand Agadir pour la mobilit\u00e9 et les d\u00e9placements urbains\u00bb en tant que ma\u00eetre d\u2019ouvrage a d\u00e9j\u00e0 publi\u00e9 le mois de juillet dernier un appel d\u2019offres relatif \u00e0 l\u2019assistance \u00e0 ma\u00eetrise d\u2019ouvrage pour la r\u00e9alisation de ce projet premier de son genre au niveau de la ville d\u2019Agadir. Pour les d\u00e9tails, ce projet porte sur la cr\u00e9ation d\u2019une ligne prioritaire de BHNS d\u2019environ 15,5 km de site propre, parcourant son territoire selon un axe Nord-Sud-Est, reliant le port de p\u00eache aux quartiers d\u2019habitation en d\u00e9veloppement et desservant de nombreux p\u00f4les g\u00e9n\u00e9rateurs: le centre-ville commer\u00e7ant et administratif, le souk, l\u2019universit\u00e9, avec am\u00e9nagement de fa\u00e7ade \u00e0 fa\u00e7ade, la cr\u00e9ation de 35 stations et cinq p\u00f4les d\u2019\u00e9changes ainsi que des syst\u00e8mes (billettique, Syst\u00e8me d\u2019aide \u00e0 l\u2019exploitation et \u00e0 l\u2019information voyageurs (SAEIV), gestion des feux\u2026).<\/span><\/p>\n<p class=\"p1\"><span class=\"s1\">Selon cet appel d\u2019offres, <em>\u00abces p\u00f4les d\u2019\u00e9changes disposent de r\u00e9serves fonci\u00e8res pour d\u2019\u00e9ventuelles extensions et cr\u00e9ation de parkings permettant aux automobilistes venant de l\u2019ext\u00e9rieur de la ville d\u2019acc\u00e9der facilement au BHNS\u00bb<\/em>.<\/span><\/p>\n<p class=\"p1\"><span class=\"s1\">Avec un million d\u2019habitants, la ville d\u2019Agadir est la station baln\u00e9aire la plus importante du Maroc. Centre d\u2019un bassin de vie en expansion, son attractivit\u00e9 touristique et \u00e9conomique florissante requiert aujourd\u2019hui un r\u00e9seau de transports en commun durable et efficace.<\/span><\/p>\n<p>Auteur: Mohamed Laabid<br \/>\n<a href=\"http:\/\/aujourdhui.ma\/societe\/mobilite-urbaine-les-bus-a-haut-niveau-de-service-bientot-dans-les-stations-dagadir-2\">Cliquez ici pour lire l&rsquo;article depuis sa source.<\/a><\/p>\n","protected":false},"excerpt":{"rendered":"<p>Le Conseil r\u00e9gional du Souss-Massa, r\u00e9uni lundi lors d\u2019une session extraordinaire, a approuv\u00e9 la convention de partenariat relative \u00e0 la r\u00e9alisation de la premi\u00e8re ligne du Bus \u00e0 haut niveau de service (BHNS) de la ville d\u2019Agadir sur un lin\u00e9aire de 15,5 km. Ce projet qui fait partie du Programme de d\u00e9veloppement urbain d\u2019Agadir (2020-2024) [&hellip;]<\/p>\n","protected":false},"author":1759,"featured_media":0,"comment_status":"closed","ping_status":"closed","sticky":false,"template":"","format":"standard","meta":{"fifu_image_url":"","fifu_image_alt":"","footnotes":""},"categories":[73,54],"tags":[],"class_list":["post-78721","post","type-post","status-publish","format-standard","hentry","category-actualite","category-maroc"],"_links":{"self":[{"href":"https:\/\/linitiative.ca\/International\/wp-json\/wp\/v2\/posts\/78721","targetHints":{"allow":["GET"]}}],"collection":[{"href":"https:\/\/linitiative.ca\/International\/wp-json\/wp\/v2\/posts"}],"about":[{"href":"https:\/\/linitiative.ca\/International\/wp-json\/wp\/v2\/types\/post"}],"author":[{"embeddable":true,"href":"https:\/\/linitiative.ca\/International\/wp-json\/wp\/v2\/users\/1759"}],"replies":[{"embeddable":true,"href":"https:\/\/linitiative.ca\/International\/wp-json\/wp\/v2\/comments?post=78721"}],"version-history":[{"count":0,"href":"https:\/\/linitiative.ca\/International\/wp-json\/wp\/v2\/posts\/78721\/revisions"}],"wp:attachment":[{"href":"https:\/\/linitiative.ca\/International\/wp-json\/wp\/v2\/media?parent=78721"}],"wp:term":[{"taxonomy":"category","embeddable":true,"href":"https:\/\/linitiative.ca\/International\/wp-json\/wp\/v2\/categories?post=78721"},{"taxonomy":"post_tag","embeddable":true,"href":"https:\/\/linitiative.ca\/International\/wp-json\/wp\/v2\/tags?post=78721"}],"curies":[{"name":"wp","href":"https:\/\/api.w.org\/{rel}","templated":true}]}}