{"id":78722,"date":"2020-03-11T09:33:26","date_gmt":"2020-03-11T13:33:26","guid":{"rendered":"https:\/\/linitiative.ca\/International\/allo-agadir-fatima-tabaamrant-rend-hommage-a-la-capitale-du-souss\/"},"modified":"2020-03-11T09:33:26","modified_gmt":"2020-03-11T13:33:26","slug":"allo-agadir-fatima-tabaamrant-rend-hommage-a-la-capitale-du-souss","status":"publish","type":"post","link":"https:\/\/linitiative.ca\/International\/allo-agadir-fatima-tabaamrant-rend-hommage-a-la-capitale-du-souss\/","title":{"rendered":"\u00abAllo Agadir\u00bb : Fatima Tabaamrant rend hommage \u00e0 la capitale du Souss"},"content":{"rendered":"<p><img decoding=\"async\" class=\"post_layout_5_img\" src=\"http:\/\/aujourdhui.ma\/wp-content\/uploads\/2017\/07\/Fatima-Tabaamrant-Timitar-Agadir-2.jpg?x29840\" alt=\"&#xAB;Allo Agadir&#xBB; : Fatima Tabaamrant rend hommage &#xE0; la capitale du Souss\"\/><\/p>\n<p class=\"p1\"><span class=\"s1 c4\"><strong>Elle s\u2019appr\u00eate \u00e0 lancer son premier vid\u00e9oclip<\/strong><\/span> <span id=\"more-336301\"\/><\/p>\n<div class=\"base-box mom_box_sc_custom mom_box_sc clear c5\" readability=\"11\">\n<p class=\"p1\"><em><strong>\u00e0 travers ce vid\u00e9oclip, la chanteuse a choisi de mettre en lumi\u00e8re les atouts touristiques et l\u2019h\u00e9ritage arch\u00e9ologique de cette ville, pour la promouvoir en tant que destination touristique mondiale et terre de coexistence et de tol\u00e9rance.<\/strong><\/em><\/p>\n<\/div>\n<p class=\"p1\">L\u2019ic\u00f4ne du chant amazigh engag\u00e9e Fatima Tabaamrant s\u2019appr\u00eate \u00e0 lancer son tout premier vid\u00e9oclip. Intitul\u00e9 \u00abAllo Agadir\u00bb, ce tube est un hommage \u00e0 la capitale du Souss. D\u2019ailleurs \u00e0 travers ce vid\u00e9oclip, la chanteuse a choisi de mettre en lumi\u00e8re les atouts touristiques et l\u2019h\u00e9ritage arch\u00e9ologique de cette ville, pour la promouvoir en tant que destination touristique mondiale et terre de coexistence et de tol\u00e9rance. En effet, ce titre \u00e9voque une histoire nouvelle et passionnante diff\u00e9rente de ce qu\u2019utilisait Tabaamrant dans ses \u0153uvres pr\u00e9c\u00e9dentes. <em>\u00abLa chanteuse aborde cette fois-ci un th\u00e8me compl\u00e8tement diff\u00e9rent.<\/em><\/p>\n<p class=\"p1\"><em>Elle pr\u00e9sente des mots et des m\u00e9lodies m\u00e9langeant des sensations avec un style renouvel\u00e9 de performance et de chant\u00bb, peut-on lire dans une note d\u2019information. Et d\u2019ajouter que \u00abla chanteuse m\u00e9lange entre la pr\u00e9servation de sa spiritualit\u00e9 habituelle en d\u00e9fendant l\u2019identit\u00e9 amazighe et l\u2019ouverture aux d\u00e9veloppements de la sc\u00e8ne artistique, en employant de nouvelles technologies r\u00e9pondant aux go\u00fbts de ses fans\u00bb.<\/em> Il faut dire que Fatima Tabaamrant a r\u00e9ussi \u00e0 d\u00e9velopper son propre style et \u00e0 constituer un ph\u00e9nom\u00e8ne musical avec distinction, \u00e0 travers des chansons immortelles comme \u00abTiri Noun Ayamark\u00bb, \u00abAzad Akal N Tamazert\u00bb et bien d\u2019autres chansons connues. V\u00e9ritable \u00e9cole de la chanson amazighe, Tabaamrant compte \u00e0 son actif plus de 160 po\u00e8mes.<\/p>\n<p class=\"p1\">Elle \u0153uvre activement pour la d\u00e9fense de la culture amazighe en se produisant, depuis plusieurs ann\u00e9es, dans de nombreux festivals et concerts au Maroc et \u00e0 l\u2019\u00e9tranger. Une grande partie de son succ\u00e8s s\u2019explique par la qualit\u00e9 et la justesse des po\u00e8mes qu\u2019elle compose, abordant des th\u00e8mes moins traditionnels que l\u2019amour, tels que le ch\u00f4mage des jeunes, la corruption, la conservation des traditions ou l\u2019identit\u00e9 amazighe. Fatima Chahou, dite Tabaamrant, a vu le jour en 1962 au milieu des montagnes de l\u2019Anti-Atlas, et plus pr\u00e9cis\u00e9ment dans le village d\u2019Id Salem de la tribu d\u2019Ouchekra \u00e0 Lakhssass. Cette star de la chanson amazighe a grandi dans un climat artistique fertile dont l\u2019impact a \u00e9t\u00e9 d\u00e9terminant dans la formation de son go\u00fbt pour la po\u00e9sie chant\u00e9e amazighe. Les d\u00e9buts de sa carri\u00e8re artistique ont commenc\u00e9 avec l\u2019artiste Hamidi, avant de passer par plusieurs troupes musicales, dont celles de Said Achtouk et surtout de Moulay Mohamed Belfkih, avec laquelle elle a interpr\u00e9t\u00e9 une chanson commune \u00abTanddamt\u00bb en 1985.<\/p>\n<p>Auteur: Siham Jadraoui<br \/>\n<a href=\"http:\/\/aujourdhui.ma\/culture\/allo-agadir-fatima-tabaamrant-rend-hommage-a-la-capitale-du-souss\">Cliquez ici pour lire l&rsquo;article depuis sa source.<\/a><\/p>\n","protected":false},"excerpt":{"rendered":"<p>Elle s\u2019appr\u00eate \u00e0 lancer son premier vid\u00e9oclip \u00e0 travers ce vid\u00e9oclip, la chanteuse a choisi de mettre en lumi\u00e8re les atouts touristiques et l\u2019h\u00e9ritage arch\u00e9ologique de cette ville, pour la promouvoir en tant que destination touristique mondiale et terre de coexistence et de tol\u00e9rance. L\u2019ic\u00f4ne du chant amazigh engag\u00e9e Fatima Tabaamrant s\u2019appr\u00eate \u00e0 lancer son [&hellip;]<\/p>\n","protected":false},"author":1759,"featured_media":0,"comment_status":"closed","ping_status":"closed","sticky":false,"template":"","format":"standard","meta":{"fifu_image_url":"","fifu_image_alt":"","footnotes":""},"categories":[73,54],"tags":[],"class_list":["post-78722","post","type-post","status-publish","format-standard","hentry","category-actualite","category-maroc"],"_links":{"self":[{"href":"https:\/\/linitiative.ca\/International\/wp-json\/wp\/v2\/posts\/78722","targetHints":{"allow":["GET"]}}],"collection":[{"href":"https:\/\/linitiative.ca\/International\/wp-json\/wp\/v2\/posts"}],"about":[{"href":"https:\/\/linitiative.ca\/International\/wp-json\/wp\/v2\/types\/post"}],"author":[{"embeddable":true,"href":"https:\/\/linitiative.ca\/International\/wp-json\/wp\/v2\/users\/1759"}],"replies":[{"embeddable":true,"href":"https:\/\/linitiative.ca\/International\/wp-json\/wp\/v2\/comments?post=78722"}],"version-history":[{"count":0,"href":"https:\/\/linitiative.ca\/International\/wp-json\/wp\/v2\/posts\/78722\/revisions"}],"wp:attachment":[{"href":"https:\/\/linitiative.ca\/International\/wp-json\/wp\/v2\/media?parent=78722"}],"wp:term":[{"taxonomy":"category","embeddable":true,"href":"https:\/\/linitiative.ca\/International\/wp-json\/wp\/v2\/categories?post=78722"},{"taxonomy":"post_tag","embeddable":true,"href":"https:\/\/linitiative.ca\/International\/wp-json\/wp\/v2\/tags?post=78722"}],"curies":[{"name":"wp","href":"https:\/\/api.w.org\/{rel}","templated":true}]}}