{"id":78724,"date":"2020-03-11T10:38:07","date_gmt":"2020-03-11T14:38:07","guid":{"rendered":"https:\/\/linitiative.ca\/International\/le-marche-de-lautomobile-reprend-des-couleurs\/"},"modified":"2020-03-11T10:38:07","modified_gmt":"2020-03-11T14:38:07","slug":"le-marche-de-lautomobile-reprend-des-couleurs","status":"publish","type":"post","link":"https:\/\/linitiative.ca\/International\/le-marche-de-lautomobile-reprend-des-couleurs\/","title":{"rendered":"Le march\u00e9 de l\u2019automobile reprend des couleurs"},"content":{"rendered":"<p><img decoding=\"async\" class=\"post_layout_5_img\" src=\"http:\/\/aujourdhui.ma\/wp-content\/uploads\/2020\/03\/Usine-Automobile.jpg?x29840\" alt=\"Le march&#xE9; de l&#x2019;automobile reprend des couleurs\"\/><\/p>\n<p class=\"p1\"><span class=\"s1 c4\"><strong>Les ventes des voitures neuves sont en hausse de 6,77% \u00e0 fin f\u00e9vrier 2020<\/strong><\/span><span id=\"more-336294\"\/><\/p>\n<p class=\"p1\"><span class=\"s1\">Il semblerait qu\u2019un \u00e9lan positif s\u2019installe dans le march\u00e9 de l\u2019automobile marocain ces derniers temps. En t\u00e9moignent les r\u00e9centes statistiques de l\u2019Association des importateurs de v\u00e9hicules automobiles (Aivam) d\u00e9voil\u00e9es r\u00e9cemment. A fin f\u00e9vrier 2020, les ventes des voitures neuves sont en hausse de 6,77% comparativement \u00e0 la m\u00eame p\u00e9riode de l\u2019ann\u00e9e derni\u00e8re. Il en ressort en total 25.837 immatriculations enregistr\u00e9es \u00e0 fin f\u00e9vrier 2020 contre 24.198 v\u00e9hicules \u00e9coul\u00e9s sur la m\u00eame p\u00e9riode de l\u2019ann\u00e9e pass\u00e9e. Au seul mois de f\u00e9vrier 2020, on compte 13.333 voitures vendues contre 11.549 immatriculations enregistr\u00e9es au mois de f\u00e9vrier 2019, soit en augmentation de 15,45%.<\/span><\/p>\n<p class=\"p1\"><span class=\"s1\">Pour les voitures particuli\u00e8res (VP), il s\u2019av\u00e8re qu\u2019\u00e0 fin f\u00e9vrier de l\u2019ann\u00e9e courante 22.993 voitures ont \u00e9t\u00e9 vendues contre 21.834 VP durant la m\u00eame p\u00e9riode de l\u2019ann\u00e9e pr\u00e9c\u00e9dente enregistrant ainsi une croissance de 5,31%. Du c\u00f4t\u00e9 des v\u00e9hicules utilitaires l\u00e9gers (VUL), l\u2019Aivam fait \u00e9tat d\u2019une am\u00e9lioration de 20,3% compar\u00e9 \u00e0 f\u00e9vrier 2019. Au cumul, 2.844 v\u00e9hicules ont \u00e9t\u00e9 \u00e9coul\u00e9s \u00e0 la fin du deuxi\u00e8me mois de l\u2019ann\u00e9e 2020 contre 2.364 VUL enregistr\u00e9s en f\u00e9vrier 2019.<\/span><\/p>\n<p class=\"p3\"><span class=\"s1 c5\"><strong>Dacia m\u00e8ne la course<\/strong><\/span><\/p>\n<p class=\"p1\"><span class=\"s1\">Les trois marches du podium pour les v\u00e9hicules particuliers sont occup\u00e9es respectivement par : Dacia, Renault et Peugeot. La premi\u00e8re place revient \u00e0 l\u2019ind\u00e9tr\u00f4nable Dacia qui a enregistr\u00e9 au mois de f\u00e9vrier de l\u2019ann\u00e9e en cours 3.596 ventes de VP contre 2915 voitures \u00e9coul\u00e9es en f\u00e9vrier 2019, soit une hausse de 23,36%. Elle d\u00e9tient \u00e0 ce titre 30,46% de part de march\u00e9. La deuxi\u00e8me place est d\u00e9tenue par la marque fran\u00e7aise Renault avec 1.158 voitures vendues en f\u00e9vrier 2020 contre 1.010 VP \u00e9coul\u00e9s au deuxi\u00e8me mois de l\u2019ann\u00e9e 2019. Elle enregistre une hausse de 14,65% et une part de march\u00e9 de 9,81%. La troisi\u00e8me place est occup\u00e9e par sa cons\u0153ur Peugeot qui compte 1.082 ventes de VP au second mois de l\u2019ann\u00e9e en cours contre 997 voitures vendues au mois de f\u00e9vrier 2019, soit en croissance de 8,53%. Sa part de march\u00e9 est de 9,17%. <span class=\"Apple-converted-space\">\u00a0 \u00a0<\/span><\/span><\/p>\n<p class=\"p4\"><span class=\"c5\"><strong><span class=\"s1\">Luxe : Les trois\u00a0<\/span><span class=\"s1\">allemandes dominent\u00a0<\/span><span class=\"s1\">le podium<\/span><\/strong><\/span><\/p>\n<p class=\"p1\"><span class=\"s1\">A l\u2019exception de la marque Audi, le mois de f\u00e9vrier ne semble pas r\u00e9ussir \u00e0 ces cons\u0153urs Mercedes et BMW.<\/span><\/p>\n<p class=\"p1\"><span class=\"s1\">La premi\u00e8re marche du podium revient \u00e0 Mercedes qui a vendu 208 voitures particuli\u00e8res au deuxi\u00e8me mois de l\u2019ann\u00e9e en cours contre 236 voitures en f\u00e9vrier 2019 enregistrant une baisse de -11,86% et une part de march\u00e9 de 1,76%. Elle est suivie de la marque BMW avec 163 unit\u00e9s \u00e9coul\u00e9es en f\u00e9vrier 2020 contre 194 voitures vendues sur la m\u00eame p\u00e9riode de l\u2019ann\u00e9e pass\u00e9e, soit un recul de -15,98% et une part de march\u00e9 de 1,38%. Audi est en troisi\u00e8me place avec 151 voitures particuli\u00e8res vendues au 2\u00e8me mois de f\u00e9vrier 2020 contre 137 en f\u00e9vrier 2019 marquant une croissance de 10,22%. Sa part de march\u00e9 est quant \u00e0 elle de 1,28%.\u00a0<\/span><\/p>\n<p>Auteur: Ouchagour Leila<br \/>\n<a href=\"http:\/\/aujourdhui.ma\/automobile\/le-marche-de-lautomobile-reprend-des-couleurs\">Cliquez ici pour lire l&rsquo;article depuis sa source.<\/a><\/p>\n","protected":false},"excerpt":{"rendered":"<p>Les ventes des voitures neuves sont en hausse de 6,77% \u00e0 fin f\u00e9vrier 2020 Il semblerait qu\u2019un \u00e9lan positif s\u2019installe dans le march\u00e9 de l\u2019automobile marocain ces derniers temps. En t\u00e9moignent les r\u00e9centes statistiques de l\u2019Association des importateurs de v\u00e9hicules automobiles (Aivam) d\u00e9voil\u00e9es r\u00e9cemment. A fin f\u00e9vrier 2020, les ventes des voitures neuves sont en [&hellip;]<\/p>\n","protected":false},"author":1759,"featured_media":0,"comment_status":"closed","ping_status":"closed","sticky":false,"template":"","format":"standard","meta":{"fifu_image_url":"","fifu_image_alt":"","footnotes":""},"categories":[73,54],"tags":[],"class_list":["post-78724","post","type-post","status-publish","format-standard","hentry","category-actualite","category-maroc"],"_links":{"self":[{"href":"https:\/\/linitiative.ca\/International\/wp-json\/wp\/v2\/posts\/78724","targetHints":{"allow":["GET"]}}],"collection":[{"href":"https:\/\/linitiative.ca\/International\/wp-json\/wp\/v2\/posts"}],"about":[{"href":"https:\/\/linitiative.ca\/International\/wp-json\/wp\/v2\/types\/post"}],"author":[{"embeddable":true,"href":"https:\/\/linitiative.ca\/International\/wp-json\/wp\/v2\/users\/1759"}],"replies":[{"embeddable":true,"href":"https:\/\/linitiative.ca\/International\/wp-json\/wp\/v2\/comments?post=78724"}],"version-history":[{"count":0,"href":"https:\/\/linitiative.ca\/International\/wp-json\/wp\/v2\/posts\/78724\/revisions"}],"wp:attachment":[{"href":"https:\/\/linitiative.ca\/International\/wp-json\/wp\/v2\/media?parent=78724"}],"wp:term":[{"taxonomy":"category","embeddable":true,"href":"https:\/\/linitiative.ca\/International\/wp-json\/wp\/v2\/categories?post=78724"},{"taxonomy":"post_tag","embeddable":true,"href":"https:\/\/linitiative.ca\/International\/wp-json\/wp\/v2\/tags?post=78724"}],"curies":[{"name":"wp","href":"https:\/\/api.w.org\/{rel}","templated":true}]}}