{"id":78725,"date":"2020-03-11T10:56:43","date_gmt":"2020-03-11T14:56:43","guid":{"rendered":"https:\/\/linitiative.ca\/International\/coronavirus-deux-nouveaux-cas-a-marrakech\/"},"modified":"2020-03-11T10:56:43","modified_gmt":"2020-03-11T14:56:43","slug":"coronavirus-deux-nouveaux-cas-a-marrakech","status":"publish","type":"post","link":"https:\/\/linitiative.ca\/International\/coronavirus-deux-nouveaux-cas-a-marrakech\/","title":{"rendered":"Coronavirus : Deux nouveaux cas \u00e0 Marrakech"},"content":{"rendered":"<p><img decoding=\"async\" class=\"post_layout_5_img\" src=\"http:\/\/aujourdhui.ma\/wp-content\/uploads\/2020\/01\/Coronavirus-Durcissement-des-contro\u0302les-a\u0300-l\u2019ae\u0301roport-Mohammed-V.jpg?x29840\" alt=\"Coronavirus : Deux nouveaux cas &#xE0; Marrakech\"\/><\/p>\n<p class=\"p1\"><span class=\"c5\"><strong><span class=\"s1 c4\"><em>Le Maroc a enregistr\u00e9 jusqu\u2019\u00e0 mercredi 78 cas suspects, cinq cas confirm\u00e9s dont 1 d\u00e9c\u00e8s<span class=\"Apple-converted-space\">\u00a0 \u00a0<\/span><\/em><\/span><\/strong><\/span><span id=\"more-336338\"\/><\/p>\n<p class=\"p1\"><span class=\"s1\">Le Maroc a enregistr\u00e9 mercredi deux nouveaux cas de coronavirus. Il s\u2019agit de l\u2019\u00e9pouse et de la fille du touriste fran\u00e7ais qui est hospitalis\u00e9 depuis mardi \u00e0 Marrakech. Selon le minist\u00e8re de la sant\u00e9, ces deux nouveaux cas de Covid-19 \u00e9taient en isolement depuis deux jours et sous contr\u00f4le m\u00e9dical. Les analyses au laboratoire de l\u2019Institut Pasteur-Maroc ont confirm\u00e9 leur infection. Les deux nouveaux cas sont actuellement sous assistance m\u00e9dicale dans un h\u00f4pital \u00e0 Marrakech, o\u00f9 ils sont pris en charge conform\u00e9ment aux mesures sanitaires en vigueur. Le minist\u00e8re de la<\/span> <span class=\"s2\">sant\u00e9 se veut rassurant en signalant que l\u2019\u00e9tat de sant\u00e9 de ces deux nouveaux cas ne suscite pas d\u2019inqui\u00e9tudes.<\/span><\/p>\n<p class=\"p1\"><span class=\"s2\">Le nombre de cas confirm\u00e9s au Maroc s\u2019\u00e9l\u00e8ve d\u00e9sormais \u00e0 5. En effet, le dernier bulletin de veille sanitaire du 11 mars \u00e0 9h fait \u00e9tat de 78 cas suspects dont 73 cas test\u00e9s n\u00e9gatifs, 5 cas confirm\u00e9s et 1 d\u00e9c\u00e8s. Mardi, le Maroc avait enregistr\u00e9 un premier cas de d\u00e9c\u00e8s li\u00e9 au Covid-19. Il s\u2019agit d\u2019une patiente \u00e2g\u00e9e de 89 ans qui souffrait de maladies chroniques au niveau de l\u2019appareil respiratoire et du c\u0153ur. Elle \u00e9tait arriv\u00e9e au Maroc le 25 f\u00e9vrier \u00e0 bord d\u2019un avion en provenance de Bologne, en Italie.<\/span><\/p>\n<p class=\"p1\"><span class=\"s2\">Dans la nuit du lundi au mardi, le minist\u00e8re de la sant\u00e9 avait aussi<\/span> <span class=\"s1\">annonc\u00e9 un<\/span> <span class=\"s2\">troisi\u00e8me cas de coronavirus. Il s\u2019agit d\u2019un touriste fran\u00e7ais de 52 ans venu de Paris qui est arriv\u00e9 au Maroc le samedi dernier. Le minist\u00e8re assure que son \u00e9tat de sant\u00e9 est stable. Le directeur de l\u2019\u00e9pid\u00e9miologie et de la lutte contre les maladies au minist\u00e8re, Mohamed El Youbi, avait fait savoir mardi lors d\u2019une conf\u00e9rence de presse que le minist\u00e8re suit de pr\u00e8s les 300 personnes qui sont entr\u00e9es en contact avec les trois premiers cas de coronavirus. Leur suivi se poursuivra jusqu\u2019\u00e0 l\u2019expiration des 14 jours qui correspondent \u00e0 la p\u00e9riode d\u2019incubation maximale du virus. Quant \u00e0 la premi\u00e8re personne qui a \u00e9t\u00e9 contamin\u00e9e par le virus, \u00e0 savoir un jeune homme de 39 ans, il se remet de sa maladie et en bonne sant\u00e9.<\/span><\/p>\n<p class=\"p1\"><span class=\"s2\">A noter que le minist\u00e8re est toujours \u00e0 la premi\u00e8re \u00e9tape du plan national de veille et de riposte dont l\u2019objectif est de d\u00e9tecter des cas en provenance des pays \u00e9trangers. L\u2019ambassade du Maroc \u00e0 Berlin a fait savoir qu\u2019aucun cas de coronavirus n\u2019a \u00e9t\u00e9 enregistr\u00e9 parmi la communaut\u00e9 marocaine en Allemagne. L\u2019ambassade a mis en place une cellule de suivi et de communication suite \u00e0 la propagation du<span class=\"Apple-converted-space\">\u00a0<\/span> virus qui, rappelons-le, a fait deux<span class=\"Apple-converted-space\">\u00a0<\/span> premiers d\u00e9c\u00e8s le lundi 9 mars. Celle-ci a mis \u00e0 la disposition des membres de la communaut\u00e9 marocaine \u00e9tablie en Allemagne le num\u00e9ro de t\u00e9l\u00e9phone suivant 016093853294 pour suivre leur situation sanitaire et leur fournir l\u2019aide et le soutien n\u00e9cessaires en cas de besoin. Les Marocains \u00e9tablis en Allemagne sont appel\u00e9s \u00e0 prendre les mesures pr\u00e9ventives pour emp\u00eacher l\u2019expansion du virus en vertu des directives et des conseils \u00e9mis par les autorit\u00e9s du pays d\u2019accueil. Par ailleurs, le virus continue sa progression dans le monde. Le dernier bilan en date du mercredi 11 mars fait \u00e9tat de plus de 119.000 personnes contamin\u00e9es et 4.300 d\u00e9c\u00e8s dans le monde. La France a recens\u00e9 plus de 1.700 cas de contamination et 33 d\u00e9c\u00e8s. En Italie, le gouvernement a annonc\u00e9, mercredi 11 mars, une enveloppe d\u2019un montant total de 25 milliards d\u2019euros pour lutter contre l\u2019\u00e9pid\u00e9mie du Covid-19, qui a fait 631 morts dans le pays dont 168 en seulement 24 heures. La moiti\u00e9 environ sera mobilis\u00e9e en urgence, tandis que l\u2019autre servira pour d\u2019\u00e9ventuels besoins ult\u00e9rieurs du pays.<\/span><\/p>\n<div class=\"base-box mom_box_sc_custom mom_box_sc clear c7\" readability=\"35\">\n<p class=\"p1\"><span class=\"s1 c6\"><strong>Impact du Covid-19 sur l\u2019\u00e9conomie<span class=\"Apple-converted-space\">\u00a0<\/span> :<span class=\"Apple-converted-space\">\u00a0<\/span> Mise en place d\u2019un comit\u00e9 de veille\u00a0<\/strong><\/span><\/p>\n<p class=\"p1\"><span class=\"s1\">Dans le but pr\u00e9cis d\u2019anticiper les r\u00e9percussions \u00e9conomiques directes et indirectes de la crise sanitaire du Covid-19 sur l\u2019\u00e9conomie nationale, un comit\u00e9 de veille \u00e9conomique a \u00e9t\u00e9 mis en place.<span class=\"Apple-converted-space\">\u00a0<\/span> Ce comit\u00e9 est charg\u00e9 de suivre de pr\u00e8s l\u2019\u00e9volution de la situation \u00e9conomique \u00e0 travers des m\u00e9canismes rigoureux de suivi et d\u2019\u00e9valuation.<\/span><\/p>\n<p class=\"p1\"><span class=\"s1\">Il a aussi pour mission d\u2019identifier les mesures appropri\u00e9es en termes d\u2019accompagnement des secteurs impact\u00e9s. Ce comit\u00e9 de veille \u00e9conomique, dont les travaux seront coordonn\u00e9s par le ministre de l\u2019\u00e9conomie, des finances et de la r\u00e9forme de l\u2019administration, comprend parmi ses membres : le minist\u00e8re de l\u2019int\u00e9rieur ; le minist\u00e8re des affaires \u00e9trang\u00e8res, de la coop\u00e9ration africaine et des Marocains r\u00e9sidant \u00e0 l\u2019\u00e9tranger; le minist\u00e8re de l\u2019agriculture, de la p\u00eache maritime du d\u00e9veloppement rural et des eaux et for\u00eats; le minist\u00e8re de la sant\u00e9 ; le minist\u00e8re de l\u2019industrie, du commerce, de l\u2019\u00e9conomie verte et num\u00e9rique ; le minist\u00e8re du tourisme, de l\u2019artisanat, du transport a\u00e9rien et de l\u2019\u00e9conomie sociale ; le minist\u00e8re du travail et de l\u2019insertion professionnelle.<\/span><\/p>\n<p class=\"p1\"><span class=\"s1\">Parmi les autres membres figurent Bank Al Maghrib ; le Groupement professionnel des banques du Maroc ; la CGEM ; la F\u00e9d\u00e9ration des chambres marocaines de commerce, d\u2019industrie et de services et la F\u00e9d\u00e9ration des chambres d\u2019artisanat. Les diff\u00e9rents membres du comit\u00e9 sont appel\u00e9s, chacun dans son domaine d\u2019intervention, \u00e0 mettre en place des m\u00e9canismes de veille sectoriels et ce en associant les acteurs concern\u00e9s.<\/span><\/p>\n<\/div>\n<p>Auteur: Laila Zerrour<br \/>\n<a href=\"http:\/\/aujourdhui.ma\/societe\/coronavirus-deux-nouveaux-cas-a-marrakech\">Cliquez ici pour lire l&rsquo;article depuis sa source.<\/a><\/p>\n","protected":false},"excerpt":{"rendered":"<p>Le Maroc a enregistr\u00e9 jusqu\u2019\u00e0 mercredi 78 cas suspects, cinq cas confirm\u00e9s dont 1 d\u00e9c\u00e8s\u00a0 \u00a0 Le Maroc a enregistr\u00e9 mercredi deux nouveaux cas de coronavirus. Il s\u2019agit de l\u2019\u00e9pouse et de la fille du touriste fran\u00e7ais qui est hospitalis\u00e9 depuis mardi \u00e0 Marrakech. Selon le minist\u00e8re de la sant\u00e9, ces deux nouveaux cas de [&hellip;]<\/p>\n","protected":false},"author":1759,"featured_media":0,"comment_status":"closed","ping_status":"closed","sticky":false,"template":"","format":"standard","meta":{"fifu_image_url":"","fifu_image_alt":"","footnotes":""},"categories":[73,54],"tags":[],"class_list":["post-78725","post","type-post","status-publish","format-standard","hentry","category-actualite","category-maroc"],"_links":{"self":[{"href":"https:\/\/linitiative.ca\/International\/wp-json\/wp\/v2\/posts\/78725","targetHints":{"allow":["GET"]}}],"collection":[{"href":"https:\/\/linitiative.ca\/International\/wp-json\/wp\/v2\/posts"}],"about":[{"href":"https:\/\/linitiative.ca\/International\/wp-json\/wp\/v2\/types\/post"}],"author":[{"embeddable":true,"href":"https:\/\/linitiative.ca\/International\/wp-json\/wp\/v2\/users\/1759"}],"replies":[{"embeddable":true,"href":"https:\/\/linitiative.ca\/International\/wp-json\/wp\/v2\/comments?post=78725"}],"version-history":[{"count":0,"href":"https:\/\/linitiative.ca\/International\/wp-json\/wp\/v2\/posts\/78725\/revisions"}],"wp:attachment":[{"href":"https:\/\/linitiative.ca\/International\/wp-json\/wp\/v2\/media?parent=78725"}],"wp:term":[{"taxonomy":"category","embeddable":true,"href":"https:\/\/linitiative.ca\/International\/wp-json\/wp\/v2\/categories?post=78725"},{"taxonomy":"post_tag","embeddable":true,"href":"https:\/\/linitiative.ca\/International\/wp-json\/wp\/v2\/tags?post=78725"}],"curies":[{"name":"wp","href":"https:\/\/api.w.org\/{rel}","templated":true}]}}