{"id":78731,"date":"2020-03-11T07:41:03","date_gmt":"2020-03-11T11:41:03","guid":{"rendered":"https:\/\/linitiative.ca\/International\/lutte-anti-terroriste-des-elus-de-larp-appellent-a-renforcer-les-appareils-de-letat\/"},"modified":"2020-03-11T07:41:03","modified_gmt":"2020-03-11T11:41:03","slug":"lutte-anti-terroriste-des-elus-de-larp-appellent-a-renforcer-les-appareils-de-letat","status":"publish","type":"post","link":"https:\/\/linitiative.ca\/International\/lutte-anti-terroriste-des-elus-de-larp-appellent-a-renforcer-les-appareils-de-letat\/","title":{"rendered":"Lutte anti-terroriste : Des \u00e9lus de l\u2019ARP appellent \u00e0 renforcer les appareils de l\u2019Etat"},"content":{"rendered":"<p>Les repr\u00e9sentants des blocs parlementaires ont \u00e9t\u00e9 unanimes \u00e0 souligner, mardi, l\u2019imp\u00e9ratif de fournir l\u2019encadrement m\u00e9dical n\u00e9cessaire aux bless\u00e9s et aux familles des martyrs de l\u2019institution s\u00e9curitaire.<\/p>\n<p>Il est question, \u00e9galement, de renforcer les appareils de l\u2019Etat dans le cadre de la lutte anti-terrorisme, ont-ils relev\u00e9, dans leurs interventions au cours de la pl\u00e9ni\u00e8re de l\u2019Assembl\u00e9e des repr\u00e9sentants du peuple consacr\u00e9e \u00e0 l\u2019attaque suicide survenue vendredi dernier aux Berges du Lac II de Tunis.<\/p>\n<p>Le d\u00e9put\u00e9 du bloc d\u00e9mocratique, Salem Labiadh, a insist\u00e9 sur le fait que les institutions s\u00e9curitaire et militaire doivent rester en dehors des tiraillements politiques.<\/p>\n<p>\u00ab L\u2019absence de paix et de stabilit\u00e9 aura des r\u00e9percussions n\u00e9gatives sur la vie sociale, \u00e9conomique et politique \u00bb, a-t-il indiqu\u00e9.<\/p>\n<p>Le pr\u00e9sident du groupe de la R\u00e9forme nationale, Hsouna Nasfi, a estim\u00e9 que le terrorisme continuera de menacer la s\u00e9curit\u00e9 du pays au vu des d\u00e9chirements et des querelles que connaissent la sc\u00e8ne politique et la mont\u00e9e du discours de la discorde, sans compter la pr\u00e9sence des cellules dormantes dans le pays. \u00bbLes traitres et les pr\u00eacheurs de la discorde sont encore parmi nous \u00bb, a-t-il d\u00e9clar\u00e9.<\/p>\n<p>Pour sa part, le pr\u00e9sident du bloc \u00ab Tahya Tounes \u00bb, Mustapha Ben Ahmed, a mis l\u2019accent sur l\u2019importance de h\u00e2ter l\u2019adoption de la loi relative \u00e0 la r\u00e9pression des atteintes contre les forces arm\u00e9es, faisant observer que le tiraillement et l\u2019anarchie constituent un terreau fertile et favorable au terrorisme.<\/p>\n<p>Le d\u00e9put\u00e9 du groupe Ennahdha, Ameur Larayedh, a assur\u00e9 pour sa part que sa formation politique est \u00e0 l\u2019avant-garde des forces luttant contre le terrorisme, \u00e0 travers sa volont\u00e9 de pr\u00e9server l\u2019unit\u00e9 nationale et de renforcer les piliers de l\u2019Etat d\u00e9mocratique et civil.<\/p>\n<p>\u00ab Le seul b\u00e9n\u00e9ficiaire des attaques terroristes sont les ennemis de la r\u00e9volution. L\u2019islam est innocent de ces attaques abominables \u00bb, a-t-il argu\u00e9.<\/p>\n<p>Larayedh a mis l\u2019accent sur l\u2019importance de fournir l\u2019encadrement m\u00e9dical et le soutien social aux bless\u00e9s des attaques terroristes et aux familles des agents des forces de s\u00e9curit\u00e9, des militaires et des civils.<\/p>\n<p>De son c\u00f4t\u00e9, le d\u00e9put\u00e9 du groupe \u00ab Au c\u0153ur de la Tunisie \u00bb, Oussama Khlifi, a ax\u00e9 son intervention sur la priorit\u00e9 de surveiller les revenants des zones de tension. Il s\u2019est, \u00e9galement, interrog\u00e9 sur la nature des propositions avanc\u00e9es par les parlementaires concernant la protection des bless\u00e9s des forces de s\u00e9curit\u00e9 et la prise en charge des familles des martyrs de l\u2019institution militaire.<\/p>\n<p>La pr\u00e9sidente du groupe du Parti Destourien Libre, Abir Moussi, estime pour sa part que la classe politique est de connivence avec le terrorisme, tant qu\u2019elle garde le silence sur la partie politique qui le soutient.<\/p>\n<p>Moussi a d\u00e9nonc\u00e9 dans ce sens l\u2019omerta sur les assassinats politiques commis depuis sept ans. \u00ab Les assassinats politiques sont devenus un fond de commerce \u00e9lectoral \u00bb, a-t-elle d\u00e9clar\u00e9.<\/p>\n<p>\u00ab Le minist\u00e8re de l\u2019Int\u00e9rieur a \u00e9t\u00e9 instrumentalis\u00e9 et la majeure partie des cadres s\u00e9curitaires comp\u00e9tents ont \u00e9t\u00e9 d\u00e9mis de leur fonction. La loi de l\u2019amnistie g\u00e9n\u00e9rale a \u00e9t\u00e9 la premi\u00e8re \u00e9tape dans la propagation du terrorisme, ce qui confirme que ce fl\u00e9au est le produit d\u2019une volont\u00e9 politique syst\u00e9matique \u00bb ?, a-t-elle estim\u00e9.<\/p>\n<p>Abdellatif Aloui, d\u00e9put\u00e9 du groupe \u00ab Al-Karama \u00bb, a d\u00e9nonc\u00e9 de son c\u00f4t\u00e9 le silence des \u00e9lus vis-\u00e0-vis du discours d\u2019exclusion, consid\u00e9rant \u00e0 cet effet que le crime politique commence, selon lui, \u00e0 partir des accusations qui touchent les d\u00e9put\u00e9s d\u00e8s lors qu\u2019ils font des d\u00e9clarations irresponsables.<\/p>\n<p>Les parlementaires ont vot\u00e9 mardi sur le changement de l\u2019ordre du jour des travaux de la s\u00e9ance pl\u00e9ni\u00e8re par 128 voix pour int\u00e9grer un point suppl\u00e9mentaire relatif \u00e0 l\u2019attaque suicide survenu le 6 mars aux Berges du Lac II \u00e0 Tunis.<\/p>\n<div class=\"wp-post-author-wrap wp-post-author-shortcode left\">\n<h3 class=\"awpa-title\"\/>\n<div class=\"wp-post-author\">\n<div class=\"awpa-img awpa-author-block square\"><a href=\"http:\/\/lexpertjournal.net\/fr\/?author=5\"><img loading=\"lazy\" decoding=\"async\" alt=\"\" src=\"http:\/\/0.gravatar.com\/avatar\/97f8e10a1c1125ba104a76514ee07b16?s=150&amp;d=mm&amp;r=g\" srcset=\"http:\/\/0.gravatar.com\/avatar\/97f8e10a1c1125ba104a76514ee07b16?s=300&amp;d=mm&amp;r=g 2x\" class=\"avatar avatar-150 photo\" height=\"150\" width=\"150\"\/><\/a><\/div>\n<\/div>\n<\/div>\n<aside class=\"mashsb-container mashsb-main mashsb-stretched\">\n<\/aside>\n<p>Auteur: L&rsquo;expert<br \/>\n<a href=\"http:\/\/lexpertjournal.net\/fr\/?p=12975\">Cliquez ici pour lire l&rsquo;article depuis sa source.<\/a><\/p>\n","protected":false},"excerpt":{"rendered":"<p>Les repr\u00e9sentants des blocs parlementaires ont \u00e9t\u00e9 unanimes \u00e0 souligner, mardi, l\u2019imp\u00e9ratif de fournir l\u2019encadrement m\u00e9dical n\u00e9cessaire aux bless\u00e9s et aux familles des martyrs de l\u2019institution s\u00e9curitaire. Il est question, \u00e9galement, de renforcer les appareils de l\u2019Etat dans le cadre de la lutte anti-terrorisme, ont-ils relev\u00e9, dans leurs interventions au cours de la pl\u00e9ni\u00e8re de [&hellip;]<\/p>\n","protected":false},"author":1775,"featured_media":0,"comment_status":"closed","ping_status":"closed","sticky":false,"template":"","format":"standard","meta":{"fifu_image_url":"","fifu_image_alt":"","footnotes":""},"categories":[78,55],"tags":[],"class_list":["post-78731","post","type-post","status-publish","format-standard","hentry","category-economie","category-tunisie"],"_links":{"self":[{"href":"https:\/\/linitiative.ca\/International\/wp-json\/wp\/v2\/posts\/78731","targetHints":{"allow":["GET"]}}],"collection":[{"href":"https:\/\/linitiative.ca\/International\/wp-json\/wp\/v2\/posts"}],"about":[{"href":"https:\/\/linitiative.ca\/International\/wp-json\/wp\/v2\/types\/post"}],"author":[{"embeddable":true,"href":"https:\/\/linitiative.ca\/International\/wp-json\/wp\/v2\/users\/1775"}],"replies":[{"embeddable":true,"href":"https:\/\/linitiative.ca\/International\/wp-json\/wp\/v2\/comments?post=78731"}],"version-history":[{"count":0,"href":"https:\/\/linitiative.ca\/International\/wp-json\/wp\/v2\/posts\/78731\/revisions"}],"wp:attachment":[{"href":"https:\/\/linitiative.ca\/International\/wp-json\/wp\/v2\/media?parent=78731"}],"wp:term":[{"taxonomy":"category","embeddable":true,"href":"https:\/\/linitiative.ca\/International\/wp-json\/wp\/v2\/categories?post=78731"},{"taxonomy":"post_tag","embeddable":true,"href":"https:\/\/linitiative.ca\/International\/wp-json\/wp\/v2\/tags?post=78731"}],"curies":[{"name":"wp","href":"https:\/\/api.w.org\/{rel}","templated":true}]}}