{"id":78733,"date":"2020-03-11T07:44:13","date_gmt":"2020-03-11T11:44:13","guid":{"rendered":"https:\/\/linitiative.ca\/International\/prevention-contre-le-coronavirus-report-de-toutes-les-activites-culturelles-et-artistiques\/"},"modified":"2020-03-11T07:44:13","modified_gmt":"2020-03-11T11:44:13","slug":"prevention-contre-le-coronavirus-report-de-toutes-les-activites-culturelles-et-artistiques","status":"publish","type":"post","link":"https:\/\/linitiative.ca\/International\/prevention-contre-le-coronavirus-report-de-toutes-les-activites-culturelles-et-artistiques\/","title":{"rendered":"Pr\u00e9vention contre le coronavirus : Report de toutes les activit\u00e9s Culturelles et artistiques"},"content":{"rendered":"<p>Toutes les manifestations culturelles et artistiques d\u2019envergure nationale et internationales sont report\u00e9es pour des dates qui seront communiqu\u00e9es ult\u00e9rieurement.<\/p>\n<p>Cette suspension temporaire concerne les \u00e9v\u00e9nements organis\u00e9s par le minist\u00e8re des Affaires Culturelles ainsi que ceux qu\u2019organisent les institutions sous sa tutelle.<\/p>\n<p>La d\u00e9cision a \u00e9t\u00e9 annonc\u00e9e, mardi apr\u00e8s-midi, par le minist\u00e8re dans une lettre administrative adress\u00e9e aux responsables des institutions culturelles publiques ainsi qu\u2019aux d\u00e9l\u00e9gu\u00e9s r\u00e9gionaux aux Affaires Culturelles. Elle s\u2019inscrit dans le cadre du plan d\u2019action national et les mesures pr\u00e9ventive du nouveau Coronavirus ou ce qui est scientifiquement d\u00e9sign\u00e9 Covid-19.<\/p>\n<p>Le minist\u00e8re souligne \u00e9galement le report \u00ab des manifestations et activit\u00e9s qui attirent un public assez large \u00bb.<\/p>\n<p>Il est toutefois port\u00e9 \u00e0 la connaissance du public que le travail dans les institutions relevant du minist\u00e8re \u00bb sera limit\u00e9e aux activit\u00e9s ordinaires et qui n\u2019attirent pas un grand nombre de personnes. \u00ab<\/p>\n<div class=\"wp-post-author-wrap wp-post-author-shortcode left\">\n<h3 class=\"awpa-title\"\/>\n<div class=\"wp-post-author\">\n<div class=\"awpa-img awpa-author-block square\"><a href=\"http:\/\/lexpertjournal.net\/fr\/?author=5\"><img loading=\"lazy\" decoding=\"async\" alt=\"\" src=\"http:\/\/0.gravatar.com\/avatar\/97f8e10a1c1125ba104a76514ee07b16?s=150&amp;d=mm&amp;r=g\" srcset=\"http:\/\/0.gravatar.com\/avatar\/97f8e10a1c1125ba104a76514ee07b16?s=300&amp;d=mm&amp;r=g 2x\" class=\"avatar avatar-150 photo\" height=\"150\" width=\"150\"\/><\/a><\/div>\n<\/div>\n<\/div>\n<aside class=\"mashsb-container mashsb-main mashsb-stretched\">\n<\/aside>\n<p>Auteur: L&rsquo;expert<br \/>\n<a href=\"http:\/\/lexpertjournal.net\/fr\/?p=12981\">Cliquez ici pour lire l&rsquo;article depuis sa source.<\/a><\/p>\n","protected":false},"excerpt":{"rendered":"<p>Toutes les manifestations culturelles et artistiques d\u2019envergure nationale et internationales sont report\u00e9es pour des dates qui seront communiqu\u00e9es ult\u00e9rieurement. Cette suspension temporaire concerne les \u00e9v\u00e9nements organis\u00e9s par le minist\u00e8re des Affaires Culturelles ainsi que ceux qu\u2019organisent les institutions sous sa tutelle. La d\u00e9cision a \u00e9t\u00e9 annonc\u00e9e, mardi apr\u00e8s-midi, par le minist\u00e8re dans une lettre administrative [&hellip;]<\/p>\n","protected":false},"author":1775,"featured_media":0,"comment_status":"closed","ping_status":"closed","sticky":false,"template":"","format":"standard","meta":{"fifu_image_url":"","fifu_image_alt":"","footnotes":""},"categories":[78,55],"tags":[],"class_list":["post-78733","post","type-post","status-publish","format-standard","hentry","category-economie","category-tunisie"],"_links":{"self":[{"href":"https:\/\/linitiative.ca\/International\/wp-json\/wp\/v2\/posts\/78733","targetHints":{"allow":["GET"]}}],"collection":[{"href":"https:\/\/linitiative.ca\/International\/wp-json\/wp\/v2\/posts"}],"about":[{"href":"https:\/\/linitiative.ca\/International\/wp-json\/wp\/v2\/types\/post"}],"author":[{"embeddable":true,"href":"https:\/\/linitiative.ca\/International\/wp-json\/wp\/v2\/users\/1775"}],"replies":[{"embeddable":true,"href":"https:\/\/linitiative.ca\/International\/wp-json\/wp\/v2\/comments?post=78733"}],"version-history":[{"count":0,"href":"https:\/\/linitiative.ca\/International\/wp-json\/wp\/v2\/posts\/78733\/revisions"}],"wp:attachment":[{"href":"https:\/\/linitiative.ca\/International\/wp-json\/wp\/v2\/media?parent=78733"}],"wp:term":[{"taxonomy":"category","embeddable":true,"href":"https:\/\/linitiative.ca\/International\/wp-json\/wp\/v2\/categories?post=78733"},{"taxonomy":"post_tag","embeddable":true,"href":"https:\/\/linitiative.ca\/International\/wp-json\/wp\/v2\/tags?post=78733"}],"curies":[{"name":"wp","href":"https:\/\/api.w.org\/{rel}","templated":true}]}}