{"id":78735,"date":"2020-03-11T07:46:57","date_gmt":"2020-03-11T11:46:57","guid":{"rendered":"https:\/\/linitiative.ca\/International\/transport-maritime-coronavirus-la-tunisie-ferme-ses-ports-aux-navires-en-provenance-ditalie\/"},"modified":"2020-03-11T07:46:57","modified_gmt":"2020-03-11T11:46:57","slug":"transport-maritime-coronavirus-la-tunisie-ferme-ses-ports-aux-navires-en-provenance-ditalie","status":"publish","type":"post","link":"https:\/\/linitiative.ca\/International\/transport-maritime-coronavirus-la-tunisie-ferme-ses-ports-aux-navires-en-provenance-ditalie\/","title":{"rendered":"Transport maritime-Coronavirus :  La Tunisie ferme ses ports aux navires en provenance d\u2019\u2019Italie"},"content":{"rendered":"<p>L\u2019Office de la Marine Marchande et des Ports (OMMP) a annonc\u00e9, mardi, la fermeture des ports tunisiens aux navires provenant de l\u2019Italie, \u00e0 partir du mercredi 11 mars 2020 jusqu\u2019au 4 avril 2020. Cette mesure vise \u00e0 prot\u00e9ger les voyageurs et \u00e0 \u00e9viter la propagation du coronavirus, tr\u00e8s contagieux, a expliqu\u00e9 l\u2019OMMP, dans un communiqu\u00e9.<\/p>\n<p>Le Conseil de s\u00e9curit\u00e9 nationale, r\u00e9uni, lundi, 9 mars 2020 au Palais de Carthage sous la pr\u00e9sidence du chef de l\u2019Etat, avait d\u00e9j\u00e0 d\u00e9cid\u00e9 une s\u00e9rie de mesures visant \u00e0 lutter contre la propagation de l\u2019\u00e9pid\u00e9mie.<\/p>\n<p>Il s\u2019agit de suspendre les travers\u00e9es maritimes avec l\u2019Italie, mais aussi de restreindre les travers\u00e9es avec la France, \u00e0 une seule travers\u00e9e hebdomadaire entre le port de la Goulette et celui de Marseille. Les travers\u00e9es des navires du transport des marchandises sont, toutefois, maintenues entre ces deux ports.<\/p>\n<p>Le minist\u00e8re du Transport et de la Logistique a pris, de son c\u00f4t\u00e9, des mesures dans le m\u00eame sens, en modifiant le calendrier des transports maritimes et a\u00e9riens pour pr\u00e9munir les voyageurs contre cette \u00e9pid\u00e9mie.<\/p>\n<p>Il s\u2019agit, entre autres, d\u2019interdire aux \u00e9quipages de quitter leurs navires accost\u00e9s aux ports tunisiens.<\/p>\n<p>Le d\u00e9partement du Transport a d\u00e9cid\u00e9 \u00e9galement de r\u00e9duire le nombre de vols \u00e0 destination de l\u2019Italie de 14 \u00e0 seulement 3 vols par semaine vers Rome, jusqu\u2019au 4 avril 2020. Les vols \u00e0 destination de Maltes, soit en moyenne 3 vols par semaines, sont maintenus.<\/p>\n<p>\u00ab Ce programme demeure, n\u00e9anmoins, modifiable selon l\u2019\u00e9volution de la situation \u00bb, a d\u00e9clar\u00e9 le minist\u00e8re du Transport et de la Logistique, dans un autre communiqu\u00e9.<\/p>\n<div class=\"wp-post-author-wrap wp-post-author-shortcode left\">\n<h3 class=\"awpa-title\"\/>\n<div class=\"wp-post-author\">\n<div class=\"awpa-img awpa-author-block square\"><a href=\"http:\/\/lexpertjournal.net\/fr\/?author=5\"><img loading=\"lazy\" decoding=\"async\" alt=\"\" src=\"http:\/\/0.gravatar.com\/avatar\/97f8e10a1c1125ba104a76514ee07b16?s=150&amp;d=mm&amp;r=g\" srcset=\"http:\/\/0.gravatar.com\/avatar\/97f8e10a1c1125ba104a76514ee07b16?s=300&amp;d=mm&amp;r=g 2x\" class=\"avatar avatar-150 photo\" height=\"150\" width=\"150\"\/><\/a><\/div>\n<\/div>\n<\/div>\n<aside class=\"mashsb-container mashsb-main mashsb-stretched\">\n<\/aside>\n<p>Auteur: L&rsquo;expert<br \/>\n<a href=\"http:\/\/lexpertjournal.net\/fr\/?p=12987\">Cliquez ici pour lire l&rsquo;article depuis sa source.<\/a><\/p>\n","protected":false},"excerpt":{"rendered":"<p>L\u2019Office de la Marine Marchande et des Ports (OMMP) a annonc\u00e9, mardi, la fermeture des ports tunisiens aux navires provenant de l\u2019Italie, \u00e0 partir du mercredi 11 mars 2020 jusqu\u2019au 4 avril 2020. Cette mesure vise \u00e0 prot\u00e9ger les voyageurs et \u00e0 \u00e9viter la propagation du coronavirus, tr\u00e8s contagieux, a expliqu\u00e9 l\u2019OMMP, dans un communiqu\u00e9. [&hellip;]<\/p>\n","protected":false},"author":1775,"featured_media":0,"comment_status":"closed","ping_status":"closed","sticky":false,"template":"","format":"standard","meta":{"fifu_image_url":"","fifu_image_alt":"","footnotes":""},"categories":[78,55],"tags":[],"class_list":["post-78735","post","type-post","status-publish","format-standard","hentry","category-economie","category-tunisie"],"_links":{"self":[{"href":"https:\/\/linitiative.ca\/International\/wp-json\/wp\/v2\/posts\/78735","targetHints":{"allow":["GET"]}}],"collection":[{"href":"https:\/\/linitiative.ca\/International\/wp-json\/wp\/v2\/posts"}],"about":[{"href":"https:\/\/linitiative.ca\/International\/wp-json\/wp\/v2\/types\/post"}],"author":[{"embeddable":true,"href":"https:\/\/linitiative.ca\/International\/wp-json\/wp\/v2\/users\/1775"}],"replies":[{"embeddable":true,"href":"https:\/\/linitiative.ca\/International\/wp-json\/wp\/v2\/comments?post=78735"}],"version-history":[{"count":0,"href":"https:\/\/linitiative.ca\/International\/wp-json\/wp\/v2\/posts\/78735\/revisions"}],"wp:attachment":[{"href":"https:\/\/linitiative.ca\/International\/wp-json\/wp\/v2\/media?parent=78735"}],"wp:term":[{"taxonomy":"category","embeddable":true,"href":"https:\/\/linitiative.ca\/International\/wp-json\/wp\/v2\/categories?post=78735"},{"taxonomy":"post_tag","embeddable":true,"href":"https:\/\/linitiative.ca\/International\/wp-json\/wp\/v2\/tags?post=78735"}],"curies":[{"name":"wp","href":"https:\/\/api.w.org\/{rel}","templated":true}]}}