{"id":78736,"date":"2020-03-11T13:05:41","date_gmt":"2020-03-11T17:05:41","guid":{"rendered":"https:\/\/linitiative.ca\/International\/hommage-a-alloula-1939-1994-plus-de-800-archives-remises-au-theatre-doran\/"},"modified":"2020-03-11T13:05:41","modified_gmt":"2020-03-11T17:05:41","slug":"hommage-a-alloula-1939-1994-plus-de-800-archives-remises-au-theatre-doran","status":"publish","type":"post","link":"https:\/\/linitiative.ca\/International\/hommage-a-alloula-1939-1994-plus-de-800-archives-remises-au-theatre-doran\/","title":{"rendered":"Hommage \u00e0 Alloula (1939-1994) : plus de 800 archives remises au Th\u00e9\u00e2tre d&rsquo;Oran"},"content":{"rendered":"<div readability=\"37\">\n<p><strong>ORAN- Plus de 800 archives personnelles de feu Abdelkader Alloula (1939-1994) ont \u00e9t\u00e9 r\u00e9ceptionn\u00e9es par le Th\u00e9\u00e2tre r\u00e9gional d&rsquo;Oran, \u00e0 l&rsquo;occasion de la comm\u00e9moration, mardi, de la 26\u00e8me\u00a0anniversaire de la disparition du regrett\u00e9 dramaturge.<\/strong><\/p>\n<\/div>\n<div readability=\"83\">\n<p>\u00ab\u00a0Il s&rsquo;agit d&rsquo;un lot important comprenant, entre autres, des notes personnelles d&rsquo;Alloula manuscrites et dactylographi\u00e9es, des documents de presse, des photos et des enregistrements audio et vid\u00e9o\u00a0\u00bb, a indiqu\u00e9 le directeur du TRO, Mourad Senouci.<\/p>\n<p>Un public nombreux a assist\u00e9 \u00e0 la c\u00e9r\u00e9monie comm\u00e9morative tenue au si\u00e8ge du TRO en pr\u00e9sence de Raja Alloula, la veuve du dramaturge et pr\u00e9sidente de la Fondation Alloula qui conservait jusque-l\u00e0 les archives du dramaturge.<\/p>\n<p>Les responsables des deux institutions partenaires, M. Senouci et Mme Alloula se sont f\u00e9licit\u00e9s de cette initiative qui donnera, ont-ils soulign\u00e9, \u00ab\u00a0une plus grande accessibilit\u00e9 \u00e0 l&rsquo;oeuvre d&rsquo;Alloula au profit des\u00a0\u00e9tudiants et chercheurs\u00a0\u00bb.<\/p>\n<blockquote readability=\"8\">\n<p><em><strong>Le directeur du TRO a fait savoir que le classement des nouvelles archives sera prochainement lanc\u00e9 avec l&rsquo;aide du Centre national de recherche en anthropologie sociale et culturelle (CRASC), bas\u00e9 \u00e0 Oran.<\/strong><\/em><\/p>\n<\/blockquote>\n<p>La c\u00e9r\u00e9monie comm\u00e9morative avait d\u00e9but\u00e9 par le vernissage d&rsquo;une exposition photographique in\u00e9dite, relatant une partie du parcours d&rsquo;Alloula \u00e0 travers une quarantaine de clich\u00e9s de certaines de ses pi\u00e8ces th\u00e9\u00e2trales comme \u00ab\u00a0El-Ajouad\u00a0\u00bb, \u00ab\u00a0El-Khobza\u00a0\u00bb, \u00ab\u00a0Homk Salim\u00a0\u00bb et \u00ab\u00a0Laalegue\u00a0\u00bb.<\/p>\n<p>Cette exposition comporte une collection de quarante photos d&rsquo;\u00e9poque sign\u00e9es feu Ali Hafied (1962-2015) qui fut photographe de presse et l&rsquo;ami de nombreux artistes \u00e0 l&rsquo;instar d&rsquo;Alloula.<\/p>\n<p>Ali Hefied avait fait don de cette collection au Mus\u00e9e national des Beaux-Arts d\u2019Alger qui a accept\u00e9 de la mettre en relief au TRO, rendant ainsi un hommage posthume au dramaturge et au photographe.<\/p>\n<blockquote readability=\"8\">\n<p><em><strong>La comm\u00e9moration a \u00e9t\u00e9 \u00e9galement marqu\u00e9e par la pr\u00e9sentation d&rsquo;un nouveau spectacle de rue coproduit par le TRO et la troupe Mass&rsquo;Art, \u00e9voquant ainsi la tradition de la \u00ab\u00a0halqa\u00a0\u00bb si ch\u00e8re \u00e0 Alloula.<\/strong><\/em><\/p>\n<\/blockquote>\n<p>Abdelkader Alloula s&rsquo;est \u00e9teint le 10 mars 1994 \u00e0 Oran, victime d&rsquo;un l\u00e2che attentat terroriste, laissant derri\u00e8re lui un riche legs artistique, dont la c\u00e9l\u00e8bre trilogie \u00ab\u00a0Lagoual\u00a0\u00bb (les dires, 1980), \u00ab\u00a0El-Ajouad\u00a0\u00bb (les g\u00e9n\u00e9reux, 1985) et \u00ab\u00a0El-Lithem\u00a0\u00bb (le voile, 1989).<\/p>\n<\/div>\n<p>Auteur:<br \/>\n<a href=\"http:\/\/www.aps.dz\/culture\/102836-hommage-a-alloula-1939-1994-plus-de-800-archives-remises-au-theatre-d-oran\">Cliquez ici pour lire l&rsquo;article depuis sa source.<\/a><\/p>\n","protected":false},"excerpt":{"rendered":"<p>ORAN- Plus de 800 archives personnelles de feu Abdelkader Alloula (1939-1994) ont \u00e9t\u00e9 r\u00e9ceptionn\u00e9es par le Th\u00e9\u00e2tre r\u00e9gional d&rsquo;Oran, \u00e0 l&rsquo;occasion de la comm\u00e9moration, mardi, de la 26\u00e8me\u00a0anniversaire de la disparition du regrett\u00e9 dramaturge. \u00ab\u00a0Il s&rsquo;agit d&rsquo;un lot important comprenant, entre autres, des notes personnelles d&rsquo;Alloula manuscrites et dactylographi\u00e9es, des documents de presse, des photos [&hellip;]<\/p>\n","protected":false},"author":1790,"featured_media":0,"comment_status":"closed","ping_status":"closed","sticky":false,"template":"","format":"standard","meta":{"fifu_image_url":"","fifu_image_alt":"","footnotes":""},"categories":[53,79],"tags":[],"class_list":["post-78736","post","type-post","status-publish","format-standard","hentry","category-algerie","category-culture"],"_links":{"self":[{"href":"https:\/\/linitiative.ca\/International\/wp-json\/wp\/v2\/posts\/78736","targetHints":{"allow":["GET"]}}],"collection":[{"href":"https:\/\/linitiative.ca\/International\/wp-json\/wp\/v2\/posts"}],"about":[{"href":"https:\/\/linitiative.ca\/International\/wp-json\/wp\/v2\/types\/post"}],"author":[{"embeddable":true,"href":"https:\/\/linitiative.ca\/International\/wp-json\/wp\/v2\/users\/1790"}],"replies":[{"embeddable":true,"href":"https:\/\/linitiative.ca\/International\/wp-json\/wp\/v2\/comments?post=78736"}],"version-history":[{"count":0,"href":"https:\/\/linitiative.ca\/International\/wp-json\/wp\/v2\/posts\/78736\/revisions"}],"wp:attachment":[{"href":"https:\/\/linitiative.ca\/International\/wp-json\/wp\/v2\/media?parent=78736"}],"wp:term":[{"taxonomy":"category","embeddable":true,"href":"https:\/\/linitiative.ca\/International\/wp-json\/wp\/v2\/categories?post=78736"},{"taxonomy":"post_tag","embeddable":true,"href":"https:\/\/linitiative.ca\/International\/wp-json\/wp\/v2\/tags?post=78736"}],"curies":[{"name":"wp","href":"https:\/\/api.w.org\/{rel}","templated":true}]}}