{"id":78737,"date":"2020-03-11T13:05:44","date_gmt":"2020-03-11T17:05:44","guid":{"rendered":"https:\/\/linitiative.ca\/International\/le-festival-international-de-la-musique-diwane-delocalise-a-bechar\/"},"modified":"2020-03-11T13:05:44","modified_gmt":"2020-03-11T17:05:44","slug":"le-festival-international-de-la-musique-diwane-delocalise-a-bechar","status":"publish","type":"post","link":"https:\/\/linitiative.ca\/International\/le-festival-international-de-la-musique-diwane-delocalise-a-bechar\/","title":{"rendered":"Le festival international de la musique Diwane d\u00e9localis\u00e9 \u00e0 B\u00e9char"},"content":{"rendered":"<p><span class=\"sp-nh-title\">Lutte contre la discrimination et le discours de haine: un projet de loi fond\u00e9 sur la tol\u00e9rance et le respect de la dignit\u00e9 humaine<\/span> &#8211; <span class=\"sp-nh-date\">mercredi 11 mars 2020 17:49<\/span><\/p>\n<p><span class=\"sp-nh-title\">2\u00e8 r\u00e9union du Comit\u00e9 de l&rsquo;UA sur la Libye: Djerad repr\u00e9sente le Pr\u00e9sident Tebboune au Congo<\/span> &#8211; <span class=\"sp-nh-date\">mercredi 11 mars 2020 17:44<\/span><\/p>\n<p><span class=\"sp-nh-title\">APN: Installation du groupe parlementaire d&rsquo;amiti\u00e9 Alg\u00e9rie-Bulgarie<\/span> &#8211; <span class=\"sp-nh-date\">mercredi 11 mars 2020 17:06<\/span><\/p>\n<p><span class=\"sp-nh-title\">Sport &#8211; Coronavirus: les mesures prises sont provisoires et visent \u00e0 pr\u00e9server la sant\u00e9 du citoyen<\/span> &#8211; <span class=\"sp-nh-date\">mercredi 11 mars 2020 16:38<\/span><\/p>\n<p><span class=\"sp-nh-title\">Le CNJA distingue des femmes journalistes \u00e0 l&rsquo;occasion de la Journ\u00e9e internationale des Femmes<\/span> &#8211; <span class=\"sp-nh-date\">mercredi 11 mars 2020 16:28<\/span><\/p>\n<p><span class=\"sp-nh-title\">El Tarf : L\u2019environnement dans deux toiles de Zahia Kaci, une \u00e9l\u00e8ve de Issiakhem<\/span> &#8211; <span class=\"sp-nh-date\">mercredi 11 mars 2020 16:06<\/span><\/p>\n<p><span class=\"sp-nh-title\">Lutte contre la discrimination: un projet de loi fond\u00e9 sur le respect de la dignit\u00e9 humaine<\/span> &#8211; <span class=\"sp-nh-date\">mercredi 11 mars 2020 15:55<\/span><\/p>\n<p><span class=\"sp-nh-title\">Tribunal Sidi M&rsquo;hamed: d\u00e9but du proc\u00e8s de l&rsquo;ancien DGSN Abdelghani Hamel et de ses fils<\/span> &#8211; <span class=\"sp-nh-date\">mercredi 11 mars 2020 15:48<\/span><\/p>\n<p><span class=\"sp-nh-title\">Asphyxie au gaz: mort de l\u2019adjoint du procureur de la R\u00e9publique pr\u00e9s le tribunal de Cherchell avec sa femme et son fils<\/span> &#8211; <span class=\"sp-nh-date\">mercredi 11 mars 2020 15:46<\/span><\/p>\n<p><span class=\"sp-nh-title\">Crise en Libye: Chergui optimiste quant au renforcement de la collaboration entre l&rsquo;UA et l&rsquo;ONU<\/span> &#8211; <span class=\"sp-nh-date\">mercredi 11 mars 2020 15:38<\/span><\/p>\n<p><span class=\"sp-nh-title\">Coronavirus: l&rsquo;Alg\u00e9rie ne participe pas aux Championnats d&rsquo;Afrique de Cross-country<\/span> &#8211; <span class=\"sp-nh-date\">mercredi 11 mars 2020 15:12<\/span><\/p>\n<p><span class=\"sp-nh-title\">P\u00e9trole: Arkab appelle \u00e0 une r\u00e9union du JTC en vue d&rsquo;analyser les conditions actuelles<\/span> &#8211; <span class=\"sp-nh-date\">mercredi 11 mars 2020 14:50<\/span><\/p>\n<p><span class=\"sp-nh-title\">Kaboul lib\u00e9rera les prisonniers talibans pour faire avancer le processus de paix<\/span> &#8211; <span class=\"sp-nh-date\">mercredi 11 mars 2020 14:08<\/span><\/p>\n<p><span class=\"sp-nh-title\">La premi\u00e8re mouture de la Constitution fin pr\u00eate jeudi<\/span> &#8211; <span class=\"sp-nh-date\">mercredi 11 mars 2020 13:53<\/span><\/p>\n<p><span class=\"sp-nh-title\">Le stade Chahid-Hamlaoui ferm\u00e9 pour travaux, le CSC d\u00e9m\u00e9nage \u00e0 Benabdelmalek<\/span> &#8211; <span class=\"sp-nh-date\">mercredi 11 mars 2020 13:49<\/span><\/p>\n<p><span class=\"sp-nh-title\">Coronavirus: la BDL organise une journ\u00e9e de sensibilisation au niveau de ses structures<\/span> &#8211; <span class=\"sp-nh-date\">mercredi 11 mars 2020 13:40<\/span><\/p>\n<p><span class=\"sp-nh-title\">Coronavirus: Aucun cas de contamination parmi les Alg\u00e9riens \u00e9tablis en Italie<\/span> &#8211; <span class=\"sp-nh-date\">mercredi 11 mars 2020 13:39<\/span><\/p>\n<p><span class=\"sp-nh-title\">Plus de 10 quintaux de kif trait\u00e9 saisis dans la wilaya de Bechar<\/span> &#8211; <span class=\"sp-nh-date\">mercredi 11 mars 2020 13:34<\/span><\/p>\n<p><span class=\"sp-nh-title\">Syrie\/Idleb: le cessez-le feu respect\u00e9 apr\u00e8s une semaine de son entr\u00e9e en vigueur<\/span> &#8211; <span class=\"sp-nh-date\">mercredi 11 mars 2020 13:07<\/span><\/p>\n<p><span class=\"sp-nh-title\">Foot\/Championnat d&rsquo;Alg\u00e9rie-Coronavirus: la LFP cr\u00e9e une cellule de crise<\/span> &#8211; <span class=\"sp-nh-date\">mercredi 11 mars 2020 12:53<\/span><\/p>\n<p>Auteur:<br \/>\n<a href=\"http:\/\/www.aps.dz\/culture\/102847-le-festival-international-de-la-musique-diwane-delocalise-a-bechar\">Cliquez ici pour lire l&rsquo;article depuis sa source.<\/a><\/p>\n","protected":false},"excerpt":{"rendered":"<p>Lutte contre la discrimination et le discours de haine: un projet de loi fond\u00e9 sur la tol\u00e9rance et le respect de la dignit\u00e9 humaine &#8211; mercredi 11 mars 2020 17:49 2\u00e8 r\u00e9union du Comit\u00e9 de l&rsquo;UA sur la Libye: Djerad repr\u00e9sente le Pr\u00e9sident Tebboune au Congo &#8211; mercredi 11 mars 2020 17:44 APN: Installation du [&hellip;]<\/p>\n","protected":false},"author":1790,"featured_media":0,"comment_status":"closed","ping_status":"closed","sticky":false,"template":"","format":"standard","meta":{"fifu_image_url":"","fifu_image_alt":"","footnotes":""},"categories":[53,79],"tags":[],"class_list":["post-78737","post","type-post","status-publish","format-standard","hentry","category-algerie","category-culture"],"_links":{"self":[{"href":"https:\/\/linitiative.ca\/International\/wp-json\/wp\/v2\/posts\/78737","targetHints":{"allow":["GET"]}}],"collection":[{"href":"https:\/\/linitiative.ca\/International\/wp-json\/wp\/v2\/posts"}],"about":[{"href":"https:\/\/linitiative.ca\/International\/wp-json\/wp\/v2\/types\/post"}],"author":[{"embeddable":true,"href":"https:\/\/linitiative.ca\/International\/wp-json\/wp\/v2\/users\/1790"}],"replies":[{"embeddable":true,"href":"https:\/\/linitiative.ca\/International\/wp-json\/wp\/v2\/comments?post=78737"}],"version-history":[{"count":0,"href":"https:\/\/linitiative.ca\/International\/wp-json\/wp\/v2\/posts\/78737\/revisions"}],"wp:attachment":[{"href":"https:\/\/linitiative.ca\/International\/wp-json\/wp\/v2\/media?parent=78737"}],"wp:term":[{"taxonomy":"category","embeddable":true,"href":"https:\/\/linitiative.ca\/International\/wp-json\/wp\/v2\/categories?post=78737"},{"taxonomy":"post_tag","embeddable":true,"href":"https:\/\/linitiative.ca\/International\/wp-json\/wp\/v2\/tags?post=78737"}],"curies":[{"name":"wp","href":"https:\/\/api.w.org\/{rel}","templated":true}]}}