{"id":78739,"date":"2020-03-11T06:15:00","date_gmt":"2020-03-11T10:15:00","guid":{"rendered":"https:\/\/linitiative.ca\/International\/mandat-darret-emis-par-la-cour-de-chlef-contre-toufik-hassani\/"},"modified":"2020-03-11T06:15:00","modified_gmt":"2020-03-11T10:15:00","slug":"mandat-darret-emis-par-la-cour-de-chlef-contre-toufik-hassani","status":"publish","type":"post","link":"https:\/\/linitiative.ca\/International\/mandat-darret-emis-par-la-cour-de-chlef-contre-toufik-hassani\/","title":{"rendered":"Mandat d&rsquo;arr\u00eat \u00e9mis par la Cour de Chlef contre Toufik Hassani"},"content":{"rendered":"<div id=\"originalText\" readability=\"52\">\n<p class=\"c6\">L&rsquo;ex-policier Toufik Hassani, lib\u00e9r\u00e9 hier soir par le tribunal de Sidi M&rsquo;hamed, puis aussit\u00f4t arr\u00eat\u00e9, \u00e0 sa sortie, par la police, a pass\u00e9 une quatri\u00e8me nuit au commissariat de la Rue Asselah Hocine, apr\u00e8s son interpellation\u00a0lors de la marche de vendredi dernier.\u00a0<\/p>\n<p class=\"c6\">Selon la coordination nationale pour la lib\u00e9ration des d\u00e9tenus, la Cour de justice de Chlef avait \u00e9mis, hier mardi, un mandat d&rsquo;arr\u00eat, dans le cadre d&rsquo;une autre affaire, contre Toufik Hassani, qui sera transf\u00e9r\u00e9, dans la journ\u00e9e de ce mercredi,\u00a0 vers cette wilaya de l&rsquo;ouest du pays.\u00a0<\/p>\n<p class=\"c7\"><strong>R\u00e9daction Web\u00a0<\/strong>\u00a0<\/p>\n<\/div>\n<div id=\"text_core\" readability=\"52\">\n<p class=\"c6\">L&rsquo;ex-policier Toufik Hassani, lib\u00e9r\u00e9 hier soir par le tribunal de Sidi M&rsquo;hamed, puis aussit\u00f4t arr\u00eat\u00e9, \u00e0 sa sortie, par la police, a pass\u00e9 une quatri\u00e8me nuit au commissariat de la Rue Asselah Hocine, apr\u00e8s son interpellation\u00a0lors de la marche de vendredi dernier.\u00a0<\/p>\n<p class=\"c6\">Selon la coordination nationale pour la lib\u00e9ration des d\u00e9tenus, la Cour de justice de Chlef avait \u00e9mis, hier mardi, un mandat d&rsquo;arr\u00eat, dans le cadre d&rsquo;une autre affaire, contre Toufik Hassani, qui sera transf\u00e9r\u00e9, dans la journ\u00e9e de ce mercredi,\u00a0 vers cette wilaya de l&rsquo;ouest du pays.\u00a0<\/p>\n<p class=\"c7\"><strong>R\u00e9daction Web\u00a0<\/strong>\u00a0<\/p>\n<\/div>\n<p>Auteur:<br \/>\n<a href=\"https:\/\/www.liberte-algerie.com\/actualite\/mandat-darret-emis-par-la-cour-de-chlef-contre-toufik-hassani-335658\">Cliquez ici pour lire l&rsquo;article depuis sa source.<\/a><\/p>\n","protected":false},"excerpt":{"rendered":"<p>L&rsquo;ex-policier Toufik Hassani, lib\u00e9r\u00e9 hier soir par le tribunal de Sidi M&rsquo;hamed, puis aussit\u00f4t arr\u00eat\u00e9, \u00e0 sa sortie, par la police, a pass\u00e9 une quatri\u00e8me nuit au commissariat de la Rue Asselah Hocine, apr\u00e8s son interpellation\u00a0lors de la marche de vendredi dernier.\u00a0 Selon la coordination nationale pour la lib\u00e9ration des d\u00e9tenus, la Cour de justice [&hellip;]<\/p>\n","protected":false},"author":1742,"featured_media":0,"comment_status":"closed","ping_status":"closed","sticky":false,"template":"","format":"standard","meta":{"fifu_image_url":"","fifu_image_alt":"","footnotes":""},"categories":[73,53],"tags":[],"class_list":["post-78739","post","type-post","status-publish","format-standard","hentry","category-actualite","category-algerie"],"_links":{"self":[{"href":"https:\/\/linitiative.ca\/International\/wp-json\/wp\/v2\/posts\/78739","targetHints":{"allow":["GET"]}}],"collection":[{"href":"https:\/\/linitiative.ca\/International\/wp-json\/wp\/v2\/posts"}],"about":[{"href":"https:\/\/linitiative.ca\/International\/wp-json\/wp\/v2\/types\/post"}],"author":[{"embeddable":true,"href":"https:\/\/linitiative.ca\/International\/wp-json\/wp\/v2\/users\/1742"}],"replies":[{"embeddable":true,"href":"https:\/\/linitiative.ca\/International\/wp-json\/wp\/v2\/comments?post=78739"}],"version-history":[{"count":0,"href":"https:\/\/linitiative.ca\/International\/wp-json\/wp\/v2\/posts\/78739\/revisions"}],"wp:attachment":[{"href":"https:\/\/linitiative.ca\/International\/wp-json\/wp\/v2\/media?parent=78739"}],"wp:term":[{"taxonomy":"category","embeddable":true,"href":"https:\/\/linitiative.ca\/International\/wp-json\/wp\/v2\/categories?post=78739"},{"taxonomy":"post_tag","embeddable":true,"href":"https:\/\/linitiative.ca\/International\/wp-json\/wp\/v2\/tags?post=78739"}],"curies":[{"name":"wp","href":"https:\/\/api.w.org\/{rel}","templated":true}]}}