{"id":78740,"date":"2020-03-11T06:58:00","date_gmt":"2020-03-11T10:58:00","guid":{"rendered":"https:\/\/linitiative.ca\/International\/karim-tabbou-quittera-la-prison-le-26-mars-prochain\/"},"modified":"2020-03-11T06:58:00","modified_gmt":"2020-03-11T10:58:00","slug":"karim-tabbou-quittera-la-prison-le-26-mars-prochain","status":"publish","type":"post","link":"https:\/\/linitiative.ca\/International\/karim-tabbou-quittera-la-prison-le-26-mars-prochain\/","title":{"rendered":"Karim Tabbou quittera la prison le 26 mars prochain"},"content":{"rendered":"<div id=\"originalText\" readability=\"50\">\n<p>Le coordinateur de l\u2019UDS (Union d\u00e9mocratique et sociale, parti non agr\u00e9\u00e9), Karim Tabbou, a \u00e9t\u00e9 condamn\u00e9, ce mercredi, par le tribunal de Sidi M\u2019hamed, \u00e0 une ann\u00e9e de prison, dont six mois avec sursis. Il quittera donc la prison le 26 mars prochain apr\u00e8s avoir purg\u00e9 sa peine.<\/p>\n<p>Le quatre mars dernier, le procureur pr\u00e8s le tribunal de Sidi M\u2019hamed, avait requis quatre ans de prison contre \u00e0 l\u2019encontre du militant Karim Tabbou.<\/p>\n<p>\u00a0En prison depuis fin septembre 29, le coordinateur de l\u2019UDS \u00e9tait poursuivi pour notamment \u00abatteinte \u00e0 l\u2019unit\u00e9 nationale\u00bb.<\/p>\n<p class=\"c6\"><strong>R\u00e9daction Web \u00a0<\/strong><\/p>\n<\/div>\n<div id=\"text_core\" readability=\"50\">\n<p>Le coordinateur de l\u2019UDS (Union d\u00e9mocratique et sociale, parti non agr\u00e9\u00e9), Karim Tabbou, a \u00e9t\u00e9 condamn\u00e9, ce mercredi, par le tribunal de Sidi M\u2019hamed, \u00e0 une ann\u00e9e de prison, dont six mois avec sursis. Il quittera donc la prison le 26 mars prochain apr\u00e8s avoir purg\u00e9 sa peine.<\/p>\n<p>Le quatre mars dernier, le procureur pr\u00e8s le tribunal de Sidi M\u2019hamed, avait requis quatre ans de prison contre \u00e0 l\u2019encontre du militant Karim Tabbou.<\/p>\n<p>\u00a0En prison depuis fin septembre 29, le coordinateur de l\u2019UDS \u00e9tait poursuivi pour notamment \u00abatteinte \u00e0 l\u2019unit\u00e9 nationale\u00bb.<\/p>\n<p class=\"c6\"><strong>R\u00e9daction Web \u00a0<\/strong><\/p>\n<\/div>\n<p>Auteur:<br \/>\n<a href=\"https:\/\/www.liberte-algerie.com\/actualite\/karim-tabbou-quittera-la-prison-le-26-mars-prochain-335659\">Cliquez ici pour lire l&rsquo;article depuis sa source.<\/a><\/p>\n","protected":false},"excerpt":{"rendered":"<p>Le coordinateur de l\u2019UDS (Union d\u00e9mocratique et sociale, parti non agr\u00e9\u00e9), Karim Tabbou, a \u00e9t\u00e9 condamn\u00e9, ce mercredi, par le tribunal de Sidi M\u2019hamed, \u00e0 une ann\u00e9e de prison, dont six mois avec sursis. Il quittera donc la prison le 26 mars prochain apr\u00e8s avoir purg\u00e9 sa peine. Le quatre mars dernier, le procureur pr\u00e8s [&hellip;]<\/p>\n","protected":false},"author":1742,"featured_media":0,"comment_status":"closed","ping_status":"closed","sticky":false,"template":"","format":"standard","meta":{"fifu_image_url":"","fifu_image_alt":"","footnotes":""},"categories":[73,53],"tags":[],"class_list":["post-78740","post","type-post","status-publish","format-standard","hentry","category-actualite","category-algerie"],"_links":{"self":[{"href":"https:\/\/linitiative.ca\/International\/wp-json\/wp\/v2\/posts\/78740","targetHints":{"allow":["GET"]}}],"collection":[{"href":"https:\/\/linitiative.ca\/International\/wp-json\/wp\/v2\/posts"}],"about":[{"href":"https:\/\/linitiative.ca\/International\/wp-json\/wp\/v2\/types\/post"}],"author":[{"embeddable":true,"href":"https:\/\/linitiative.ca\/International\/wp-json\/wp\/v2\/users\/1742"}],"replies":[{"embeddable":true,"href":"https:\/\/linitiative.ca\/International\/wp-json\/wp\/v2\/comments?post=78740"}],"version-history":[{"count":0,"href":"https:\/\/linitiative.ca\/International\/wp-json\/wp\/v2\/posts\/78740\/revisions"}],"wp:attachment":[{"href":"https:\/\/linitiative.ca\/International\/wp-json\/wp\/v2\/media?parent=78740"}],"wp:term":[{"taxonomy":"category","embeddable":true,"href":"https:\/\/linitiative.ca\/International\/wp-json\/wp\/v2\/categories?post=78740"},{"taxonomy":"post_tag","embeddable":true,"href":"https:\/\/linitiative.ca\/International\/wp-json\/wp\/v2\/tags?post=78740"}],"curies":[{"name":"wp","href":"https:\/\/api.w.org\/{rel}","templated":true}]}}