{"id":78743,"date":"2020-03-10T15:18:35","date_gmt":"2020-03-10T19:18:35","guid":{"rendered":"https:\/\/linitiative.ca\/International\/hopital-mere-et-enfant-hommage-aux-patientes-et-aux-femmes-cadres\/"},"modified":"2020-03-10T15:18:35","modified_gmt":"2020-03-10T19:18:35","slug":"hopital-mere-et-enfant-hommage-aux-patientes-et-aux-femmes-cadres","status":"publish","type":"post","link":"https:\/\/linitiative.ca\/International\/hopital-mere-et-enfant-hommage-aux-patientes-et-aux-femmes-cadres\/","title":{"rendered":"H\u00f4pital M\u00e8re et Enfant: hommage aux patientes et aux femmes-cadres"},"content":{"rendered":"<div class=\"single-featured\"><img alt=\"\" data-src=\"http:\/\/www.mapmarrakech.ma\/map\/uploads\/2020\/03\/H&#xF4;pital-M&#xE8;re.jpg\"\/><\/div>\n<div class=\"single-post-excerpt post-excerpt-bc\" readability=\"38\">\n<p>Marrakech- Une c\u00e9r\u00e9monie traditionnelle \u00ab\u00a0100% marocaine\u00a0\u00bb a \u00e9t\u00e9 organis\u00e9e, le weekend dernier, le temps de rendre hommage aux patientes et aux femmes-cadres de l\u2019h\u00f4pital M\u00e8re et Enfant relevant du Centre Hospitalier Universitaire (CHU) Mohammed VI et ce, \u00e0 l\u2019occasion de la c\u00e9l\u00e9bration de la Journ\u00e9e Internationale de la Femme.<\/p>\n<\/div>\n<div class=\"entry-content clearfix single-post-content\" readability=\"58\">\n<p>Cette c\u00e9r\u00e9monie, accueillie favorablement par les patientes admises au service de gyn\u00e9cologie et des maladies de la femme relevant de cet \u00e9tablissement hospitalier, visait \u00e0 att\u00e9nuer leurs souffrances et \u00e0 partager avec elles des moments de joie et de d\u00e9tente.<\/p>\n<p>Cette action humaine, qui illustre \u00e9galement les valeurs d\u2019entraide, de solidarit\u00e9 et d\u2019estime \u00e0 l\u2019\u00e9gard d\u2019autrui parmi ces patientes et le personnel f\u00e9minin de cet h\u00f4pital, a servi aussi de moment de reconnaissance et de gratitude \u00e0 l\u2019\u00e9gard des bienfaiteurs parmi les acteurs de la soci\u00e9t\u00e9 civile qui ont largement contribu\u00e9 \u00e0 la r\u00e9ussite de cette initiative singuli\u00e8re.<\/p>\n<p>L\u2019organisation de cette c\u00e9r\u00e9monie s\u2019ins\u00e8re dans le sillage d\u2019une s\u00e9rie d\u2019actions initi\u00e9es par les oeuvres sociales de cet h\u00f4pital, en partenariat avec les Associations \u00ab\u00a0Coeur et Action\u00a0\u00bb et \u00ab\u00a0Ensemble ici et ailleurs\u00a0\u00bb.<\/p>\n<p>C\u2019est dans une ambiance festive et conviviale qu\u2019il a \u00e9t\u00e9 ainsi proc\u00e9d\u00e9 \u00e0 l\u2019organisation d\u2019une s\u00e9rie d\u2019activit\u00e9s pour le bonheur de l\u2019ensemble des b\u00e9n\u00e9ficiaires, aux rythmes et chants de la musique andalouse.<\/p>\n<p>Au terme de cette c\u00e9r\u00e9monie, il a \u00e9t\u00e9 proc\u00e9d\u00e9 \u00e0 la distribution de cadeaux au profit des femmes c\u00e9l\u00e9br\u00e9es avant de poser pour des photos souvenirs.<\/p>\n<\/div>\n<p>Auteur: Mohammed KOURSI<br \/>\n<a href=\"http:\/\/www.mapmarrakech.ma\/fr\/hopital-mere-et-enfant-hommage-aux-patientes-et-aux-femmes-cadres\/\">Cliquez ici pour lire l&rsquo;article depuis sa source.<\/a><\/p>\n","protected":false},"excerpt":{"rendered":"<p>Marrakech- Une c\u00e9r\u00e9monie traditionnelle \u00ab\u00a0100% marocaine\u00a0\u00bb a \u00e9t\u00e9 organis\u00e9e, le weekend dernier, le temps de rendre hommage aux patientes et aux femmes-cadres de l\u2019h\u00f4pital M\u00e8re et Enfant relevant du Centre Hospitalier Universitaire (CHU) Mohammed VI et ce, \u00e0 l\u2019occasion de la c\u00e9l\u00e9bration de la Journ\u00e9e Internationale de la Femme. Cette c\u00e9r\u00e9monie, accueillie favorablement par les [&hellip;]<\/p>\n","protected":false},"author":1788,"featured_media":78744,"comment_status":"closed","ping_status":"closed","sticky":false,"template":"","format":"standard","meta":{"fifu_image_url":"","fifu_image_alt":"","footnotes":""},"categories":[54,76],"tags":[],"class_list":["post-78743","post","type-post","status-publish","format-standard","has-post-thumbnail","hentry","category-maroc","category-regions"],"_links":{"self":[{"href":"https:\/\/linitiative.ca\/International\/wp-json\/wp\/v2\/posts\/78743","targetHints":{"allow":["GET"]}}],"collection":[{"href":"https:\/\/linitiative.ca\/International\/wp-json\/wp\/v2\/posts"}],"about":[{"href":"https:\/\/linitiative.ca\/International\/wp-json\/wp\/v2\/types\/post"}],"author":[{"embeddable":true,"href":"https:\/\/linitiative.ca\/International\/wp-json\/wp\/v2\/users\/1788"}],"replies":[{"embeddable":true,"href":"https:\/\/linitiative.ca\/International\/wp-json\/wp\/v2\/comments?post=78743"}],"version-history":[{"count":0,"href":"https:\/\/linitiative.ca\/International\/wp-json\/wp\/v2\/posts\/78743\/revisions"}],"wp:featuredmedia":[{"embeddable":true,"href":"https:\/\/linitiative.ca\/International\/wp-json\/"}],"wp:attachment":[{"href":"https:\/\/linitiative.ca\/International\/wp-json\/wp\/v2\/media?parent=78743"}],"wp:term":[{"taxonomy":"category","embeddable":true,"href":"https:\/\/linitiative.ca\/International\/wp-json\/wp\/v2\/categories?post=78743"},{"taxonomy":"post_tag","embeddable":true,"href":"https:\/\/linitiative.ca\/International\/wp-json\/wp\/v2\/tags?post=78743"}],"curies":[{"name":"wp","href":"https:\/\/api.w.org\/{rel}","templated":true}]}}