{"id":78745,"date":"2020-03-11T03:59:07","date_gmt":"2020-03-11T07:59:07","guid":{"rendered":"https:\/\/linitiative.ca\/International\/session-de-formation-au-profit-des-coordinateurs-de-la-vie-scolaire\/"},"modified":"2020-03-11T03:59:07","modified_gmt":"2020-03-11T07:59:07","slug":"session-de-formation-au-profit-des-coordinateurs-de-la-vie-scolaire","status":"publish","type":"post","link":"https:\/\/linitiative.ca\/International\/session-de-formation-au-profit-des-coordinateurs-de-la-vie-scolaire\/","title":{"rendered":"Session de formation au profit des coordinateurs de la vie scolaire"},"content":{"rendered":"<div readability=\"39\">\n<p>Marrakech- Une session de formation a \u00e9t\u00e9 organis\u00e9e, les 09 et 10 mars, au profit de 46 coordinateurs et coordinatrices de la vie scolaire au niveau de la r\u00e9gion Marrakech-Safi, et ce dans le cadre du programme \u00ab\u00a0Appui \u00e0 la promotion de la tol\u00e9rance, du civisme et de la citoyennet\u00e9 en milieu scolaire et \u00e0 la pr\u00e9vention des comportements \u00e0 risques\u00a0\u00bb.<\/p>\n<\/div>\n<div readability=\"84\">\n<p>Encadr\u00e9e par une pl\u00e9iade d\u2019experts et de cadres relevant\u00a0de la Rabita Mohammadia des Oul\u00e9mas, cette session a permis aux participants\u00a0de prendre connaissance des nouvelles approches p\u00e9dagogiques et m\u00e9thodes \u00e9ducatives, en vue d\u2019am\u00e9liorer la qualit\u00e9 de la vie scolaire.<\/p>\n<p>Au menu de cette rencontre, de deux jours, figuraient une pr\u00e9sentation g\u00e9n\u00e9rale autour dudit programme et son \u00e9tat d\u2019avancement au niveau de la r\u00e9gion, avec un focus sur les exp\u00e9riences des \u00e9tablissements inscrits \u00e0 ce programme, outre des interventions sur la construction des projets et la gestion administrative et financi\u00e8re de ce programme.<\/p>\n<p>Dans une d\u00e9claration \u00e0 la presse, le directeur charg\u00e9 de la vie scolaire au sein du Minist\u00e8re de l\u2019Education nationale, Aziz Nahia, a indiqu\u00e9 que cette session de formation vise \u00e0 informer les b\u00e9n\u00e9ficiaires\u00a0des approches et nouvelles m\u00e9thodologies\u00a0\u00e0 adopter pour consolider les principes\u00a0de citoyennet\u00e9 chez les \u00e9l\u00e8ves.<\/p>\n<p>En plus des 200 \u00e9tablissements inscrits \u00e0 ce projet l\u2019ann\u00e9e derni\u00e8re, cette \u00e9dition a connu l\u2019engagement de 400 autres \u00e9tablissements \u00e0 travers la pr\u00e9sence des coordinateurs de la vie scolaire, membres des clubs de citoyennet\u00e9 au sein de ces \u00e9tablissements scolaires, a-t-il fait savoir.<\/p>\n<p>Le nombre de clubs scolaires est estim\u00e9 \u00e0 plus de 25.000 au niveau national, \u0153uvrant\u00a0dans moult domaines li\u00e9s notamment, au d\u00e9veloppement durable, \u00e0 la sant\u00e9 et aux droits de l\u2019Homme, a-t-il soulign\u00e9, mettant en avant le r\u00f4le important de ces clubs dans la diffusion des valeurs de citoyennet\u00e9, de paix et de vivre- ensemble.<\/p>\n<p>Le\u00a0projet \u00ab\u00a0Appui \u00e0 la promotion de la tol\u00e9rance, du civisme et de la citoyennet\u00e9 en milieu scolaire et \u00e0 la pr\u00e9vention des comportements \u00e0 risques\u00a0\u00bb est le fruit d\u2019un partenariat entre le Minist\u00e8re de l\u2019\u00c9ducation nationale,\u00a0 la Rabita Mohammadia des Oul\u00e9mas et le Programme des Nations Unies pour le D\u00e9veloppement (PNUD).<\/p>\n<p>Sign\u00e9 en mars 2018, ce projet a pour objectif de renforcer le r\u00f4le de la vie scolaire dans la promotion d\u2019une soci\u00e9t\u00e9 plus tol\u00e9rante \u00e0 travers la diffusion des valeurs de civisme et de citoyennet\u00e9 aupr\u00e8s des jeunes.<\/p>\n<\/div>\n<p>Auteur: Mohammed KOURSI<br \/>\n<a href=\"http:\/\/www.mapmarrakech.ma\/fr\/session-de-formation-au-profit-des-coordinateurs-de-la-vie-scolaire\/\">Cliquez ici pour lire l&rsquo;article depuis sa source.<\/a><\/p>\n","protected":false},"excerpt":{"rendered":"<p>Marrakech- Une session de formation a \u00e9t\u00e9 organis\u00e9e, les 09 et 10 mars, au profit de 46 coordinateurs et coordinatrices de la vie scolaire au niveau de la r\u00e9gion Marrakech-Safi, et ce dans le cadre du programme \u00ab\u00a0Appui \u00e0 la promotion de la tol\u00e9rance, du civisme et de la citoyennet\u00e9 en milieu scolaire et \u00e0 [&hellip;]<\/p>\n","protected":false},"author":1788,"featured_media":0,"comment_status":"closed","ping_status":"closed","sticky":false,"template":"","format":"standard","meta":{"fifu_image_url":"","fifu_image_alt":"","footnotes":""},"categories":[54,76],"tags":[],"class_list":["post-78745","post","type-post","status-publish","format-standard","hentry","category-maroc","category-regions"],"_links":{"self":[{"href":"https:\/\/linitiative.ca\/International\/wp-json\/wp\/v2\/posts\/78745","targetHints":{"allow":["GET"]}}],"collection":[{"href":"https:\/\/linitiative.ca\/International\/wp-json\/wp\/v2\/posts"}],"about":[{"href":"https:\/\/linitiative.ca\/International\/wp-json\/wp\/v2\/types\/post"}],"author":[{"embeddable":true,"href":"https:\/\/linitiative.ca\/International\/wp-json\/wp\/v2\/users\/1788"}],"replies":[{"embeddable":true,"href":"https:\/\/linitiative.ca\/International\/wp-json\/wp\/v2\/comments?post=78745"}],"version-history":[{"count":0,"href":"https:\/\/linitiative.ca\/International\/wp-json\/wp\/v2\/posts\/78745\/revisions"}],"wp:attachment":[{"href":"https:\/\/linitiative.ca\/International\/wp-json\/wp\/v2\/media?parent=78745"}],"wp:term":[{"taxonomy":"category","embeddable":true,"href":"https:\/\/linitiative.ca\/International\/wp-json\/wp\/v2\/categories?post=78745"},{"taxonomy":"post_tag","embeddable":true,"href":"https:\/\/linitiative.ca\/International\/wp-json\/wp\/v2\/tags?post=78745"}],"curies":[{"name":"wp","href":"https:\/\/api.w.org\/{rel}","templated":true}]}}