{"id":78746,"date":"2020-03-11T06:13:12","date_gmt":"2020-03-11T10:13:12","guid":{"rendered":"https:\/\/linitiative.ca\/International\/plus-de-800-beneficiaires-dune-caravane-medico-sociale\/"},"modified":"2020-03-11T06:13:12","modified_gmt":"2020-03-11T10:13:12","slug":"plus-de-800-beneficiaires-dune-caravane-medico-sociale","status":"publish","type":"post","link":"https:\/\/linitiative.ca\/International\/plus-de-800-beneficiaires-dune-caravane-medico-sociale\/","title":{"rendered":"Plus de 800 b\u00e9n\u00e9ficiaires d\u2019une Caravane m\u00e9dico-sociale"},"content":{"rendered":"<div class=\"single-featured\"><img alt=\"\" data-src=\"http:\/\/www.mapmarrakech.ma\/map\/uploads\/2020\/03\/Caravane-Al-Haouz-m&#xE9;dico-sociale.jpg\"\/><\/div>\n<div class=\"single-post-excerpt post-excerpt-bc\" readability=\"36\">\n<p>Commune Tamougart (province d\u2019Al Haouz) \u2013 Plus de 800 personnes issues de milieux d\u00e9favoris\u00e9s au niveau de la commune Tamougart (province d\u2019Al Haouz) et des douars avoisinants ont b\u00e9n\u00e9fici\u00e9, le weekend dernier, d\u2019une Caravane m\u00e9dico-sociale.<\/p>\n<\/div>\n<div class=\"entry-content clearfix single-post-content\" readability=\"60\">\n<p>Initi\u00e9e, sous le signe \u00ab\u00a0Nous avons des amis dans la montagne\u00a0\u00bb, par l\u2019Association \u00ab\u00a0Casa Chabab Ain Sebaa\u00a0\u00bb, en coordination avec des acteurs associatifs et des repr\u00e9sentants des autorit\u00e9s locales, cette initiative sociale et de solidarit\u00e9 s\u2019inscrit dans le cadre des efforts visant \u00e0 am\u00e9liorer l\u2019offre de soins au profit des personnes en situation de pr\u00e9carit\u00e9 et \u00e0 mettre \u00e0 leur disposition des prestations de qualit\u00e9 et de proximit\u00e9.<\/p>\n<p>Pr\u00e8s de 500 personnes, tous \u00e2ges confondus, ont ainsi b\u00e9n\u00e9fici\u00e9 de consultations en m\u00e9decine g\u00e9n\u00e9rale, en gyn\u00e9cologie- obst\u00e9trique et en ophtalmologie, ainsi que de la distribution de m\u00e9dicaments.<\/p>\n<p>Par la m\u00eame occasion, il a \u00e9t\u00e9 proc\u00e9d\u00e9 \u00e0 l\u2019organisation d\u2019une matin\u00e9e au profit de 300 enfants issus des douars relevant de la commune Tamougart, avec au menu une s\u00e9rie d\u2019animations, outre la distribution de lots de v\u00eatements et de pr\u00e9sents.<\/p>\n<p>Cette Caravane a \u00e9t\u00e9 aussi l\u2019occasion de rendre hommage \u00e0 la femme rurale et ce, dans le cadre de la c\u00e9l\u00e9bration de la Journ\u00e9e internationale de la femme. Il s\u2019agissait d\u2019un moment de reconnaissance des efforts inlassables d\u00e9ploy\u00e9s par les femmes pour am\u00e9liorer les conditions de vie de leurs familles et faire face aux conditions sociales difficiles.<\/p>\n<\/div>\n<p>Auteur: Mohammed KOURSI<br \/>\n<a href=\"http:\/\/www.mapmarrakech.ma\/fr\/plus-de-800-beneficiaires-dune-caravane-medico-sociale\/\">Cliquez ici pour lire l&rsquo;article depuis sa source.<\/a><\/p>\n","protected":false},"excerpt":{"rendered":"<p>Commune Tamougart (province d\u2019Al Haouz) \u2013 Plus de 800 personnes issues de milieux d\u00e9favoris\u00e9s au niveau de la commune Tamougart (province d\u2019Al Haouz) et des douars avoisinants ont b\u00e9n\u00e9fici\u00e9, le weekend dernier, d\u2019une Caravane m\u00e9dico-sociale. Initi\u00e9e, sous le signe \u00ab\u00a0Nous avons des amis dans la montagne\u00a0\u00bb, par l\u2019Association \u00ab\u00a0Casa Chabab Ain Sebaa\u00a0\u00bb, en coordination avec [&hellip;]<\/p>\n","protected":false},"author":1788,"featured_media":78747,"comment_status":"closed","ping_status":"closed","sticky":false,"template":"","format":"standard","meta":{"fifu_image_url":"","fifu_image_alt":"","footnotes":""},"categories":[54,76],"tags":[],"class_list":["post-78746","post","type-post","status-publish","format-standard","has-post-thumbnail","hentry","category-maroc","category-regions"],"_links":{"self":[{"href":"https:\/\/linitiative.ca\/International\/wp-json\/wp\/v2\/posts\/78746","targetHints":{"allow":["GET"]}}],"collection":[{"href":"https:\/\/linitiative.ca\/International\/wp-json\/wp\/v2\/posts"}],"about":[{"href":"https:\/\/linitiative.ca\/International\/wp-json\/wp\/v2\/types\/post"}],"author":[{"embeddable":true,"href":"https:\/\/linitiative.ca\/International\/wp-json\/wp\/v2\/users\/1788"}],"replies":[{"embeddable":true,"href":"https:\/\/linitiative.ca\/International\/wp-json\/wp\/v2\/comments?post=78746"}],"version-history":[{"count":0,"href":"https:\/\/linitiative.ca\/International\/wp-json\/wp\/v2\/posts\/78746\/revisions"}],"wp:featuredmedia":[{"embeddable":true,"href":"https:\/\/linitiative.ca\/International\/wp-json\/"}],"wp:attachment":[{"href":"https:\/\/linitiative.ca\/International\/wp-json\/wp\/v2\/media?parent=78746"}],"wp:term":[{"taxonomy":"category","embeddable":true,"href":"https:\/\/linitiative.ca\/International\/wp-json\/wp\/v2\/categories?post=78746"},{"taxonomy":"post_tag","embeddable":true,"href":"https:\/\/linitiative.ca\/International\/wp-json\/wp\/v2\/tags?post=78746"}],"curies":[{"name":"wp","href":"https:\/\/api.w.org\/{rel}","templated":true}]}}