{"id":78748,"date":"2020-03-11T07:02:02","date_gmt":"2020-03-11T11:02:02","guid":{"rendered":"https:\/\/linitiative.ca\/International\/sektioui-met-son-experience-au-service-de-locs\/"},"modified":"2020-03-11T07:02:02","modified_gmt":"2020-03-11T11:02:02","slug":"sektioui-met-son-experience-au-service-de-locs","status":"publish","type":"post","link":"https:\/\/linitiative.ca\/International\/sektioui-met-son-experience-au-service-de-locs\/","title":{"rendered":"Sektioui met son exp\u00e9rience au service de l\u2019OCS"},"content":{"rendered":"<div readability=\"36\">\n<p>Safi- Le nouvel entra\u00eeneur de l\u2019Olympique Club de Safi (OCS), Abdelhadi Sektioui, s\u2019est dit pr\u00eat \u00e0 mettre sa longue et riche exp\u00e9rience au service d\u2019une \u00e9quipe qu\u2019il a entra\u00een\u00e9e auparavant et qu\u2019il connait tr\u00e8s bien.<\/p>\n<\/div>\n<div readability=\"83\">\n<p>S\u2019exprimant, mardi soir, lors d\u2019une conf\u00e9rence de presse d\u00e9di\u00e9e \u00e0 la pr\u00e9sentation de sa strat\u00e9gie de travail et des dispositions de son contrat avec l\u2019OCS, M. Sektioui s\u2019est dit conscient de la lourde t\u00e2che qui l\u2019attend pour faire sortir l\u2019\u00e9quipe de la situation actuelle et l\u2019aider \u00e0 se placer dans les premiers rangs de la Botola Pro D1.<\/p>\n<p>\u00ab\u00a0Main dans la main, supporters, staff technique, joueurs et bureau dirigeant, nous sommes en mesure de surmonter tous les obstacles et rendre \u00e0 l\u2019\u00e9quipe mesfiouie son \u00e9clat d\u2019antan\u00a0\u00bb, a-t-il ajout\u00e9, mettant en relief le r\u00f4le des supporters, \u00e0 travers le soutien inconditionnel de leur \u00e9quipe et des jeunes joueurs.<\/p>\n<p>\u00ab\u00a0J\u2019ai accept\u00e9 l\u2019offre de l\u2019OCS parce que le club ne m\u00e9nage aucun effort pour garantir les conditions id\u00e9ales de travail pour le staff technique et les joueurs\u00a0\u00bb, a-t-il encha\u00een\u00e9, soulignant avoir opt\u00e9 pour le maintien du m\u00eame staff technique afin de poursuivre le travail accompli par ses pr\u00e9d\u00e9cesseurs.<\/p>\n<p>Le vice-pr\u00e9sident de l\u2019OCS, Abderrahim Hanane, a pour sa part, relev\u00e9 que M. Abdelhadi Sektioui a sign\u00e9 avec le club jusqu\u2019\u00e0 la fin de la saison 2021-2022 avec comme premier objectif d\u2019occuper les premiers rangs de la Botola Pro D1.<\/p>\n<p>L\u2019OCS, section-Football, s\u2019\u00e9tait r\u00e9cemment s\u00e9par\u00e9 \u00e0 l\u2019amiable, avec son entra\u00eeneur Mohamed El Guisser en raison de l\u2019\u00e9tat de sant\u00e9 de ce dernier.<\/p>\n<p>L\u2019\u00e9quipe de l\u2019OCS a r\u00e9alis\u00e9, sous la conduite du jeune technicien national Mohamed El Guisser, un exploit historique en acc\u00e9dant aux quarts de finale de la Coupe arabe Mohammed VI des Clubs Champions, avant de quitter la comp\u00e9tition suite \u00e0 son \u00e9limination face au Club Saoudien de l\u2019Itihad de Djeddah.<\/p>\n<p>L\u2019Olympique de Safi occupe actuellement la 12\u00e8 place au classement de la Botola Pro D1, avec 21 points \u00e0 l\u2019issue de 19 journ\u00e9es (03 victoires, 12 nuls et 04 d\u00e9faites).<\/p>\n<\/div>\n<p>Auteur: Mohammed KOURSI<br \/>\n<a href=\"http:\/\/www.mapmarrakech.ma\/fr\/sektioui-pret-a-mettre-son-experience-au-service-de-locs\/\">Cliquez ici pour lire l&rsquo;article depuis sa source.<\/a><\/p>\n","protected":false},"excerpt":{"rendered":"<p>Safi- Le nouvel entra\u00eeneur de l\u2019Olympique Club de Safi (OCS), Abdelhadi Sektioui, s\u2019est dit pr\u00eat \u00e0 mettre sa longue et riche exp\u00e9rience au service d\u2019une \u00e9quipe qu\u2019il a entra\u00een\u00e9e auparavant et qu\u2019il connait tr\u00e8s bien. S\u2019exprimant, mardi soir, lors d\u2019une conf\u00e9rence de presse d\u00e9di\u00e9e \u00e0 la pr\u00e9sentation de sa strat\u00e9gie de travail et des dispositions [&hellip;]<\/p>\n","protected":false},"author":1788,"featured_media":0,"comment_status":"closed","ping_status":"closed","sticky":false,"template":"","format":"standard","meta":{"fifu_image_url":"","fifu_image_alt":"","footnotes":""},"categories":[54,76],"tags":[],"class_list":["post-78748","post","type-post","status-publish","format-standard","hentry","category-maroc","category-regions"],"_links":{"self":[{"href":"https:\/\/linitiative.ca\/International\/wp-json\/wp\/v2\/posts\/78748","targetHints":{"allow":["GET"]}}],"collection":[{"href":"https:\/\/linitiative.ca\/International\/wp-json\/wp\/v2\/posts"}],"about":[{"href":"https:\/\/linitiative.ca\/International\/wp-json\/wp\/v2\/types\/post"}],"author":[{"embeddable":true,"href":"https:\/\/linitiative.ca\/International\/wp-json\/wp\/v2\/users\/1788"}],"replies":[{"embeddable":true,"href":"https:\/\/linitiative.ca\/International\/wp-json\/wp\/v2\/comments?post=78748"}],"version-history":[{"count":0,"href":"https:\/\/linitiative.ca\/International\/wp-json\/wp\/v2\/posts\/78748\/revisions"}],"wp:attachment":[{"href":"https:\/\/linitiative.ca\/International\/wp-json\/wp\/v2\/media?parent=78748"}],"wp:term":[{"taxonomy":"category","embeddable":true,"href":"https:\/\/linitiative.ca\/International\/wp-json\/wp\/v2\/categories?post=78748"},{"taxonomy":"post_tag","embeddable":true,"href":"https:\/\/linitiative.ca\/International\/wp-json\/wp\/v2\/tags?post=78748"}],"curies":[{"name":"wp","href":"https:\/\/api.w.org\/{rel}","templated":true}]}}