{"id":78749,"date":"2020-03-11T13:07:30","date_gmt":"2020-03-11T17:07:30","guid":{"rendered":"https:\/\/linitiative.ca\/International\/enquete-sur-des-actes-criminels-attribues-a-un-conducteur\/"},"modified":"2020-03-11T13:07:30","modified_gmt":"2020-03-11T17:07:30","slug":"enquete-sur-des-actes-criminels-attribues-a-un-conducteur","status":"publish","type":"post","link":"https:\/\/linitiative.ca\/International\/enquete-sur-des-actes-criminels-attribues-a-un-conducteur\/","title":{"rendered":"Enqu\u00eate sur des actes criminels attribu\u00e9s \u00e0 un conducteur"},"content":{"rendered":"<div class=\"single-featured\"><img alt=\"\" data-src=\"http:\/\/www.mapmarrakech.ma\/map\/uploads\/2020\/03\/DGSN.jpg\"\/><\/div>\n<div class=\"single-post-excerpt post-excerpt-bc\" readability=\"39\">\n<p>Marrakech \u2013 Le service pr\u00e9fectoral de la police judiciaire de Marrakech a ouvert, mercredi, une enqu\u00eate pr\u00e9liminaire sous la supervision du parquet comp\u00e9tent, autour des actes criminels attribu\u00e9s \u00e0 un conducteur de voiture pour son implication pr\u00e9sum\u00e9e dans un accident de circulation volontaire, ayant provoqu\u00e9 des blessures et caus\u00e9 des d\u00e9g\u00e2ts mat\u00e9riels \u00e0 des propri\u00e9t\u00e9s priv\u00e9es.<\/p>\n<\/div>\n<div class=\"entry-content clearfix single-post-content\" readability=\"52\">\n<p class=\"c5\">Le mis en cause, \u00e2g\u00e9 de 26 ans, \u00e9tait au volant d\u2019une voiture appartenant \u00e0 une soci\u00e9t\u00e9 de vente d\u2019\u00e9quipements m\u00e9nagers quand il a eu une altercation avec un groupe d\u2019\u00e9l\u00e8ves quittant leur \u00e9tablissement scolaire, indique dans un communiqu\u00e9 la Direction g\u00e9n\u00e9rale de la s\u00fbret\u00e9 nationale (DGSN), ajoutant que le conducteur a acc\u00e9l\u00e9r\u00e9, faisant un marche-arri\u00e8re \u00e0 plusieurs reprises, blessant, l\u00e9g\u00e8rement, quatre \u00e9l\u00e8ves et causant des d\u00e9g\u00e2ts mat\u00e9riels \u00e0 trois voitures et trois motos de particuliers.<\/p>\n<p class=\"c5\">Les victimes ont \u00e9t\u00e9 transport\u00e9es \u00e0 l\u2019h\u00f4pital pour recevoir les soins n\u00e9cessaires suite aux l\u00e9g\u00e8res blessures subies, alors que le conducteur a \u00e9t\u00e9 plac\u00e9 en garde \u00e0 vue \u00e0 la disposition de l\u2019enqu\u00eate men\u00e9e sous la supervision du parquet comp\u00e9tent, en vue d\u2019\u00e9lucider les circonstances de cette affaire, ainsi que ses v\u00e9ritables motifs, conclut la DGSN.<\/p>\n<\/div>\n<p>Auteur: Mohammed KOURSI<br \/>\n<a href=\"http:\/\/www.mapmarrakech.ma\/fr\/enquete-sur-des-actes-criminels-attribues-a-un-conducteur\/\">Cliquez ici pour lire l&rsquo;article depuis sa source.<\/a><\/p>\n","protected":false},"excerpt":{"rendered":"<p>Marrakech \u2013 Le service pr\u00e9fectoral de la police judiciaire de Marrakech a ouvert, mercredi, une enqu\u00eate pr\u00e9liminaire sous la supervision du parquet comp\u00e9tent, autour des actes criminels attribu\u00e9s \u00e0 un conducteur de voiture pour son implication pr\u00e9sum\u00e9e dans un accident de circulation volontaire, ayant provoqu\u00e9 des blessures et caus\u00e9 des d\u00e9g\u00e2ts mat\u00e9riels \u00e0 des propri\u00e9t\u00e9s [&hellip;]<\/p>\n","protected":false},"author":1788,"featured_media":78750,"comment_status":"closed","ping_status":"closed","sticky":false,"template":"","format":"standard","meta":{"fifu_image_url":"","fifu_image_alt":"","footnotes":""},"categories":[54,76],"tags":[],"class_list":["post-78749","post","type-post","status-publish","format-standard","has-post-thumbnail","hentry","category-maroc","category-regions"],"_links":{"self":[{"href":"https:\/\/linitiative.ca\/International\/wp-json\/wp\/v2\/posts\/78749","targetHints":{"allow":["GET"]}}],"collection":[{"href":"https:\/\/linitiative.ca\/International\/wp-json\/wp\/v2\/posts"}],"about":[{"href":"https:\/\/linitiative.ca\/International\/wp-json\/wp\/v2\/types\/post"}],"author":[{"embeddable":true,"href":"https:\/\/linitiative.ca\/International\/wp-json\/wp\/v2\/users\/1788"}],"replies":[{"embeddable":true,"href":"https:\/\/linitiative.ca\/International\/wp-json\/wp\/v2\/comments?post=78749"}],"version-history":[{"count":0,"href":"https:\/\/linitiative.ca\/International\/wp-json\/wp\/v2\/posts\/78749\/revisions"}],"wp:featuredmedia":[{"embeddable":true,"href":"https:\/\/linitiative.ca\/International\/wp-json\/"}],"wp:attachment":[{"href":"https:\/\/linitiative.ca\/International\/wp-json\/wp\/v2\/media?parent=78749"}],"wp:term":[{"taxonomy":"category","embeddable":true,"href":"https:\/\/linitiative.ca\/International\/wp-json\/wp\/v2\/categories?post=78749"},{"taxonomy":"post_tag","embeddable":true,"href":"https:\/\/linitiative.ca\/International\/wp-json\/wp\/v2\/tags?post=78749"}],"curies":[{"name":"wp","href":"https:\/\/api.w.org\/{rel}","templated":true}]}}