{"id":78751,"date":"2020-03-11T08:25:41","date_gmt":"2020-03-11T12:25:41","guid":{"rendered":"https:\/\/linitiative.ca\/International\/ouverture-a-berkane-dune-exposition-de-produits-dartisanat\/"},"modified":"2020-03-11T08:25:41","modified_gmt":"2020-03-11T12:25:41","slug":"ouverture-a-berkane-dune-exposition-de-produits-dartisanat","status":"publish","type":"post","link":"https:\/\/linitiative.ca\/International\/ouverture-a-berkane-dune-exposition-de-produits-dartisanat\/","title":{"rendered":"Ouverture \u00e0 Berkane d\u2019une exposition de produits d\u2019artisanat"},"content":{"rendered":"<p class=\"c5\">La ville de Berkane abrite, du 10 au 19 mars courant, la troisi\u00e8me \u00e9dition de son salon r\u00e9gional de l\u2019artisanat avec la participation d\u2019une centaine d\u2019exposants.<\/p>\n<p class=\"c5\">Plac\u00e9e sous le th\u00e8me \u00ab\u00a0La formation aux m\u00e9tiers d\u2019artisanat est fondamentale pour le d\u00e9veloppement \u00e9conomique\u00a0\u00bb, cette \u00e9dition est initi\u00e9e par la Chambre d\u2019Artisanat de la r\u00e9gion de l\u2019Oriental en partenariat avec la province de Berkane.<\/p>\n<p class=\"c5\">L\u2019exposition offre \u00e0 voir une diversit\u00e9 de produits avec leur forte charge culturelle et civilisationnelle et un large choix d\u2019articles alliant tradition et modernit\u00e9 et allant de simples objets d\u2019art et de d\u00e9coration, aux costumes traditionnels et produits utilitaires.<\/p>\n<p class=\"c5\">Elle s\u2019inscrit dans le sillage des actions visant \u00e0 promouvoir l\u2019artisanat dans la r\u00e9gion, et plus particuli\u00e8rement dans la province de Berkane qui regorge d\u2019un savoir-faire ancestral. Elle donne la possibilit\u00e9 aux artisans de montrer leur talent et de mettre en avant la richesse et la particularit\u00e9 de l\u2019artisanat marocain.<\/p>\n<p class=\"c5\">La c\u00e9r\u00e9monie d\u2019ouverture s\u2019est d\u00e9roul\u00e9e, mardi, en pr\u00e9sence du gouverneur de la province de Berkane, Mohamed Ali Habouha, du pr\u00e9sident de la Chambre r\u00e9gionale d\u2019artisanat, Driss Boujouala, d\u2019\u00e9lus et de plusieurs autres personnalit\u00e9s civiles et militaires.<\/p>\n<p class=\"c5\">Ce selon qui r\u00e9unit une soixantaine de stands et plus de 100 exposants et exposantes, s\u2019inscrit dans le cadre d\u2019une s\u00e9rie d\u2019expositions organis\u00e9es chaque ann\u00e9e dans les diff\u00e9rentes provinces de la r\u00e9gion de l\u2019Oriental, a fait savoir M. Boujouala.<\/p>\n<p><img class=\"wp-image-17984 aligncenter\" data-src=\"http:\/\/www.mapoujda.ma\/map\/uploads\/2020\/03\/Le-gouverneur-de-Berkane-au-Salon-r&#xE9;gional-de-lartisanat-M750&#xD7;430-MAP.jpg\" alt=\"\" width=\"576\" height=\"330\" srcset=\"http:\/\/www.mapoujda.ma\/map\/uploads\/2020\/03\/Le-gouverneur-de-Berkane-au-Salon-r&#xE9;gional-de-lartisanat-M750&#xD7;430-MAP.jpg 750w, http:\/\/www.mapoujda.ma\/map\/uploads\/2020\/03\/Le-gouverneur-de-Berkane-au-Salon-r&#xE9;gional-de-lartisanat-M750&#xD7;430-MAP-300x172.jpg 300w\" sizes=\"(max-width: 576px) 100vw, 576px\"\/><\/p>\n<p class=\"c5\">Et d\u2019ajouter dans une d\u00e9claration \u00e0 la presse que ce salon r\u00e9gional offre aux artisans un espace idoine pour mieux commercialiser leurs produits et am\u00e9liorer leur revenu, outre l\u2019\u00e9change d\u2019exp\u00e9riences et d\u2019expertises.<\/p>\n<p class=\"c5\">Notant que cet \u00e9v\u00e9nement permet aussi de rapprocher les m\u00e9tiers de l\u2019artisanat du grand public et de mettre en valeur le savoir-faire des artisans, M. Boujouala a relev\u00e9 que la strat\u00e9gie de la Chambre r\u00e9gionale consiste en particulier \u00e0 promouvoir la valorisation et la commercialisation des produits d\u2019artisanat afin de favoriser l\u2019augmentation de la production, et partant cr\u00e9er davantage d\u2019emplois.<\/p>\n<p class=\"c5\">Il a par ailleurs fait remarquer que la ville d\u2019Oujda\u00a0sera la prochaine \u00e9tape de cette s\u00e9rie d\u2019expositions qui permettent aussi aux visiteurs de d\u00e9couvrir une diversit\u00e9 de produits de terroir.<\/p>\n<p class=\"c5\">Le secteur de l\u2019artisanat dans la r\u00e9gion de l\u2019Oriental a connu ces derni\u00e8res ann\u00e9es une \u00e9volution notable \u00e0 plusieurs niveaux \u00e0 la faveur d\u2019un ensemble d\u2019infrastructures et d\u2019actions cibl\u00e9es, visant \u00e0 am\u00e9liorer les performances de ce secteur pour en faire un levier de d\u00e9veloppement \u00e9conomique et social durable.<\/p>\n<p class=\"c5\">Le nombre des artisans refl\u00e8te, \u00e0 lui seul, l\u2019importance de ce secteur et sa place dans le tissu \u00e9conomique r\u00e9gional. Ils sont quelque 77.000 artisans, selon des donn\u00e9es de la Direction r\u00e9gionale de l\u2019Artisanat, et ce chiffre ne cesse de progresser avec une pr\u00e9sence de plus en plus remarquable des femmes.<\/p>\n<p class=\"c5\">Au fil des ann\u00e9es, les artisans de la r\u00e9gion ont fait preuve de finesse et de dext\u00e9rit\u00e9 dans la production et la pr\u00e9sentation de leurs \u0153uvres et produits. Un savoir-faire ancestral transmis de p\u00e8re en fils coupl\u00e9 d\u2019un recours croissant aux nouvelles technologies dans la conception et la commercialisation.<\/p>\n<p>Auteur: Soufiane ELAHMAR<br \/>\n<a href=\"http:\/\/www.mapoujda.ma\/fr\/ouverture-a-berkane-dune-exposition-de-produits-dartisanat\/\">Cliquez ici pour lire l&rsquo;article depuis sa source.<\/a><\/p>\n","protected":false},"excerpt":{"rendered":"<p>La ville de Berkane abrite, du 10 au 19 mars courant, la troisi\u00e8me \u00e9dition de son salon r\u00e9gional de l\u2019artisanat avec la participation d\u2019une centaine d\u2019exposants. Plac\u00e9e sous le th\u00e8me \u00ab\u00a0La formation aux m\u00e9tiers d\u2019artisanat est fondamentale pour le d\u00e9veloppement \u00e9conomique\u00a0\u00bb, cette \u00e9dition est initi\u00e9e par la Chambre d\u2019Artisanat de la r\u00e9gion de l\u2019Oriental en [&hellip;]<\/p>\n","protected":false},"author":1788,"featured_media":78752,"comment_status":"closed","ping_status":"closed","sticky":false,"template":"","format":"standard","meta":{"fifu_image_url":"","fifu_image_alt":"","footnotes":""},"categories":[54,76],"tags":[],"class_list":["post-78751","post","type-post","status-publish","format-standard","has-post-thumbnail","hentry","category-maroc","category-regions"],"_links":{"self":[{"href":"https:\/\/linitiative.ca\/International\/wp-json\/wp\/v2\/posts\/78751","targetHints":{"allow":["GET"]}}],"collection":[{"href":"https:\/\/linitiative.ca\/International\/wp-json\/wp\/v2\/posts"}],"about":[{"href":"https:\/\/linitiative.ca\/International\/wp-json\/wp\/v2\/types\/post"}],"author":[{"embeddable":true,"href":"https:\/\/linitiative.ca\/International\/wp-json\/wp\/v2\/users\/1788"}],"replies":[{"embeddable":true,"href":"https:\/\/linitiative.ca\/International\/wp-json\/wp\/v2\/comments?post=78751"}],"version-history":[{"count":0,"href":"https:\/\/linitiative.ca\/International\/wp-json\/wp\/v2\/posts\/78751\/revisions"}],"wp:featuredmedia":[{"embeddable":true,"href":"https:\/\/linitiative.ca\/International\/wp-json\/"}],"wp:attachment":[{"href":"https:\/\/linitiative.ca\/International\/wp-json\/wp\/v2\/media?parent=78751"}],"wp:term":[{"taxonomy":"category","embeddable":true,"href":"https:\/\/linitiative.ca\/International\/wp-json\/wp\/v2\/categories?post=78751"},{"taxonomy":"post_tag","embeddable":true,"href":"https:\/\/linitiative.ca\/International\/wp-json\/wp\/v2\/tags?post=78751"}],"curies":[{"name":"wp","href":"https:\/\/api.w.org\/{rel}","templated":true}]}}