{"id":78756,"date":"2020-03-11T15:14:04","date_gmt":"2020-03-11T19:14:04","guid":{"rendered":"https:\/\/linitiative.ca\/International\/ligue-1-2-jsk-saadou-sera-opere-dans-deux-semaines\/"},"modified":"2020-03-11T15:14:04","modified_gmt":"2020-03-11T19:14:04","slug":"ligue-1-2-jsk-saadou-sera-opere-dans-deux-semaines","status":"publish","type":"post","link":"https:\/\/linitiative.ca\/International\/ligue-1-2-jsk-saadou-sera-opere-dans-deux-semaines\/","title":{"rendered":"Ligue 1 &amp; 2 : JSK : Sa\u00e2dou sera op\u00e9r\u00e9 dans deux semaines"},"content":{"rendered":"<div readability=\"32\">\n<p>Auteur : <span>L. A.<\/span> <span class=\"time\">mercredi 11 mars 2020 14:50<\/span><\/p>\n<\/div>\n<div id=\"post_core\" readability=\"58\">\n<p>Comme nous l\u2019avons annonc\u00e9 dans l\u2019une de nos pr\u00e9c\u00e9dentes \u00e9ditions, l\u2019axial de la JSK et non moins le capitaine d\u2019\u00e9quipe Nabil Sa\u00e2dou a contract\u00e9 une blessure m\u00e9chante au genou, lors du dernier match face \u00e0 l\u2019USMBA. Il a \u00e9t\u00e9 d\u2019ailleurs contraint de quitter le terrain avant la pause, transport\u00e9 sur une civi\u00e8re. Dans la soir\u00e9e de jeudi dernier, Sa\u00e2dou a effectu\u00e9 une IRM \u00e0 l\u2019h\u00f4pital Chahid-Mahmoudi de Tizi et dont les r\u00e9sultats ont r\u00e9v\u00e9l\u00e9 une rupture des ligaments crois\u00e9s. Cette blessure n\u00e9cessite de passer in\u00e9vitablement sur le billard et le joueur sera \u00e9loign\u00e9 pendant un semestre au minimum. A en croire une source fiable, Sa\u00e2dou a effectu\u00e9 d\u2019autres examens compl\u00e9mentaires, lundi \u00e0 Alger lesquels ont confirm\u00e9 la nature de la blessure. Selon nos informations, ce capitaine devra passer sur le billard dans deux semaines dans une clinique \u00e0 Alger. Derni\u00e8rement, son partenaire Tizi Bouali qui a \u00e9t\u00e9 victime d\u2019une m\u00eame blessure, s\u2019est fait op\u00e9rer avec succ\u00e8s et ne devrait pas tarder \u00e0 entamer son cycle de r\u00e9\u00e9ducation pour pr\u00e9parer son retour pour la saison prochaine.<\/p>\n<p><strong>Le moral du joueur au plus bas<\/strong><br \/>En quittant le terrain face \u00e0 l\u2019USMBA, Sa\u00e2dou avait d\u00e9j\u00e0 l\u2019air abattu moralement. En apprenant la nature de sa blessure et de la dur\u00e9e qu\u2019il devra passer loin des terrains, cet axial n\u2019a pas du tout le moral. Tous les dirigeants et les joueurs sont solidaires avec lui et il devra faire preuve de patience pour traverser cette p\u00e9riode difficile. A neuf journ\u00e9es de la fin de saison, la JSK se voit priv\u00e9e d\u2019un joueur titulaire \u00e0 part enti\u00e8re et dont l\u2019absence se fera sans doute ressentir. Le staff technique se pr\u00e9pare d\u2019ores et d\u00e9j\u00e0 \u00e0 lui trouver son rempla\u00e7ant pour les prochaines sorties, \u00e0 commencer par le d\u00e9placement de dimanche \u00e0 S\u00e9tif. On croit savoir que Zelfani songe s\u00e9rieusement au jeune Mikid\u00e8che mais avec le retour de Bencherifa, hier, aux entra\u00eenements, il pr\u00e9f\u00e8re encore temporiser avant de trancher sur la question.<br \/>\u00a0<\/p>\n<p><strong>Publi\u00e9 dans :<\/strong> <span>Bencherifa<\/span> <span>Sa\u00e2dou<\/span> <span>Mikideche<\/span> <span>Zelfani<\/span><\/p>\n<\/div>\n<p>Auteur:<br \/>\n<a href=\"http:\/\/www.lebuteur.com\/article\/detail?titre=jsk-saadou-sera-opere-dans-deux-semaines&#038;id=95244&#038;utm_source=feedburner&#038;utm_medium=feed&#038;utm_campaign=Feed%3A+GalerieFArtciles+%28Les+derniers+articles++-+lebuteur.com%29\">Cliquez ici pour lire l&rsquo;article depuis sa source.<\/a><\/p>\n","protected":false},"excerpt":{"rendered":"<p>Auteur : L. A. mercredi 11 mars 2020 14:50 Comme nous l\u2019avons annonc\u00e9 dans l\u2019une de nos pr\u00e9c\u00e9dentes \u00e9ditions, l\u2019axial de la JSK et non moins le capitaine d\u2019\u00e9quipe Nabil Sa\u00e2dou a contract\u00e9 une blessure m\u00e9chante au genou, lors du dernier match face \u00e0 l\u2019USMBA. Il a \u00e9t\u00e9 d\u2019ailleurs contraint de quitter le terrain avant [&hellip;]<\/p>\n","protected":false},"author":1738,"featured_media":78757,"comment_status":"closed","ping_status":"closed","sticky":false,"template":"","format":"standard","meta":{"fifu_image_url":"","fifu_image_alt":"","footnotes":""},"categories":[53,75],"tags":[],"class_list":["post-78756","post","type-post","status-publish","format-standard","has-post-thumbnail","hentry","category-algerie","category-sport"],"_links":{"self":[{"href":"https:\/\/linitiative.ca\/International\/wp-json\/wp\/v2\/posts\/78756","targetHints":{"allow":["GET"]}}],"collection":[{"href":"https:\/\/linitiative.ca\/International\/wp-json\/wp\/v2\/posts"}],"about":[{"href":"https:\/\/linitiative.ca\/International\/wp-json\/wp\/v2\/types\/post"}],"author":[{"embeddable":true,"href":"https:\/\/linitiative.ca\/International\/wp-json\/wp\/v2\/users\/1738"}],"replies":[{"embeddable":true,"href":"https:\/\/linitiative.ca\/International\/wp-json\/wp\/v2\/comments?post=78756"}],"version-history":[{"count":0,"href":"https:\/\/linitiative.ca\/International\/wp-json\/wp\/v2\/posts\/78756\/revisions"}],"wp:featuredmedia":[{"embeddable":true,"href":"https:\/\/linitiative.ca\/International\/wp-json\/"}],"wp:attachment":[{"href":"https:\/\/linitiative.ca\/International\/wp-json\/wp\/v2\/media?parent=78756"}],"wp:term":[{"taxonomy":"category","embeddable":true,"href":"https:\/\/linitiative.ca\/International\/wp-json\/wp\/v2\/categories?post=78756"},{"taxonomy":"post_tag","embeddable":true,"href":"https:\/\/linitiative.ca\/International\/wp-json\/wp\/v2\/tags?post=78756"}],"curies":[{"name":"wp","href":"https:\/\/api.w.org\/{rel}","templated":true}]}}