{"id":78762,"date":"2020-03-11T15:14:11","date_gmt":"2020-03-11T19:14:11","guid":{"rendered":"https:\/\/linitiative.ca\/International\/ligue-1-2-la-presidence-reagit-et-fixe-lecheance-a-fin-2020\/"},"modified":"2020-03-11T15:14:11","modified_gmt":"2020-03-11T19:14:11","slug":"ligue-1-2-la-presidence-reagit-et-fixe-lecheance-a-fin-2020","status":"publish","type":"post","link":"https:\/\/linitiative.ca\/International\/ligue-1-2-la-presidence-reagit-et-fixe-lecheance-a-fin-2020\/","title":{"rendered":"Ligue 1 &amp; 2 : La Pr\u00e9sidence r\u00e9agit et fixe l\u2019\u00e9ch\u00e9ance \u00e0 fin 2020"},"content":{"rendered":"<div readability=\"33\">\n<p>Auteur : <span>A. R., S. D.<\/span> <span class=\"time\">mercredi 11 mars 2020 15:00<\/span><\/p>\n<\/div>\n<div id=\"post_core\" readability=\"103\">\n<p>Lors du dernier conseil des ministres, le pr\u00e9sident de la R\u00e9publique a fix\u00e9 l\u2019\u00e9ch\u00e9ance de livraison des stades en construction, Oran, Baraki et Tizi Ouzou, pour la fin de l\u2019ann\u00e9e 2020, a indiqu\u00e9, lundi soir, un communiqu\u00e9 de la Pr\u00e9sidence. N\u00e9anmoins, si pour les stades d\u2019Oran et de Baraki les travaux s\u2019acc\u00e9l\u00e8rent avec une cadence assez soutenue, ce n\u2019est pas du tout le cas pour celui de Tizi Ouzou, lequel est \u00e0 l\u2019arr\u00eat depuis presque une ann\u00e9e. La situation de l\u2019entreprise charg\u00e9e de la r\u00e9alisation, l\u2019ETRHB, a fait que le chantier soit arr\u00eat\u00e9 pendant une longue p\u00e9riode. M\u00eame avec l\u2019installation d\u2019un administrateur charg\u00e9 de suivre le projet, \u00e7a n\u2019a pas \u00e9volu\u00e9, malgr\u00e9 la disponibilit\u00e9 des cr\u00e9dits de paiement r\u00e9serv\u00e9s pour achever les travaux. Lors du dernier conseil des ministres, des instructions fermes ont \u00e9t\u00e9 donn\u00e9es pour le ministre de la Jeunesse et des Sports \u00e0 l\u2019effet de prendre toutes les dispositions afin de relancer le chantier et r\u00e9ceptionner tous les grands stades d\u2019ici la fin de l\u2019ann\u00e9e 2020, pour permettre \u00e0 l\u2019Alg\u00e9rie d\u2019abriter de grandes manifestations sportives.<\/p>\n<p>&#8212;&#8212;&#8212;&#8212;&#8212;&#8212;&#8211;<\/p>\n<p>Il a dress\u00e9 le bilan de ses huit mois de travail<br \/><strong>Mulak \u00abLes jeunes sont l\u2019ADN du club\u00bb<\/strong><br \/>Le DTS de la JSK, Guillaume Mulak, a dress\u00e9 hier apr\u00e8s-midi, un bilan des huit premiers mois de travail avec les jeunes cat\u00e9gories. Il a aussi fi\u00e9 les objectifs pour la deuxi\u00e8me partie de la saison : \u00ab Effectivement, apr\u00e8s huit mois de travail, je n\u2019ai pas vu le temps pass\u00e9. Pour le bilan, j\u2019ai d\u00e9j\u00e0 une vision plus pr\u00e9cise du football alg\u00e9rien en g\u00e9n\u00e9ral. Il y a aussi le bilan moral et comportementale qui a \u00e9t\u00e9 \u00e9tabli. Aujourd\u2019hui, je suis capable de tirer un bilan plus sportif et extra-sportif sur la structure. Le football en Alg\u00e9rie est tr\u00e8s passionnant. L\u2019objectif est d\u2019arriver \u00e0 catalyser les \u00e9motions et de pouvoir travailler dans un environnement favorable. La deuxi\u00e8me chose, sur plan niveau, c\u2019est diff\u00e9rent de ce que j\u2019ai connu ailleurs, notamment sur le plan technique. Sinc\u00e8rement, je suis tr\u00e8s surpris par l\u2019\u00e9volution des jeunes en huit mois de travail. \u00bb \u00ab J\u2019ai une feuille de route et un cahier de charge qui a \u00e9t\u00e9 bien respect\u00e9 et la cr\u00e9ation de cette \u00e9cole de football a \u00e9t\u00e9 fait dans les r\u00e8gles. Les jeunes sont l\u2019ADN, c\u2019est eux qui repr\u00e9senteront la nouvelle g\u00e9n\u00e9ration. \u00bb<\/p>\n<p><strong>\u00abLe parcours des U-19 est remarquable, celui des U-17 l\u2019est beaucoup moins\u00bb<\/strong><br \/>Appel\u00e9 \u00e0 parler du parcours des diff\u00e9rentes cat\u00e9gories en championnat, Mulak dira : \u00ab Le classement des diff\u00e9rentes cat\u00e9gories peut nous enseigner sur plusieurs choses. La g\u00e9n\u00e9ration 2001-2002 est remarquable avec les U-19 qui r\u00e9alise un parcours extraordinaire avec des joueurs de qualit\u00e9. Par ailleurs, ce n\u2019est pas le cas des U-17, qui ont eu des difficult\u00e9s \u00e0 commencer la saison avec des gar\u00e7ons, disons-le, d\u2019un niveau assez moyen mais qui n\u2019ont jamais l\u00e2cher le fil rouge. M\u00eame s\u2019ils se situent en bas du tableau, il reste encore 13 matchs o\u00f9 tout est possible. \u00bb<\/p>\n<p><strong>\u00abOn veut des gar\u00e7ons qui \u00e9mergent\u00bb<\/strong><br \/>\u00ab Ce que je vous promets, c\u2019est que dans quelques ann\u00e9es, on sera dans le haut du tableau mais actuellement, gagner le championnat ne m\u2019int\u00e9resse pas. L\u2019objectif est que demain on aura des joueurs qui \u00e9mergent. Ma fiert\u00e9 serait de voir mes joueurs jouer dans le haut niveau. \u00bb<\/p>\n<p><strong>\u00abD\u2019autres joueurs de qualit\u00e9 sont susceptibles de venir renforcer nos effectifs\u00bb<\/strong><br \/>\u00ab Nous avons besoin de restructurer nos effectifs. Je ne suis pas l\u00e0 pour faire plaisir aux joueurs, je suis l\u00e0 pour prendre des d\u00e9cisions dans l\u2019int\u00e9r\u00eat de la JSK. On a des crit\u00e8res pr\u00e9cis qu\u2019on a mis en place. On se pr\u00e9pare \u00e0 restructurer nos effectifs et m\u00eame \u00e0 accueillir des joueurs de l\u2019ext\u00e9rieur. \u00bb \u00ab Oui, il y aura des changements, dans plusieurs choses. Aujourd\u2019hui, je peux dire que j\u2019ai une parfaite connaissance des joueurs de la wilaya. La g\u00e9n\u00e9ration U11, U-12 et U-13 n\u2019a aucun secret pour moi, du moment que je connais 90% de leurs qualit\u00e9s, apr\u00e8s les avoir suivis de tr\u00e8s pr\u00e8s. Certains sont m\u00eame susceptibles de venir renforcer nos effectifs. Nous sommes aussi en contact avec les autres \u00e9coles de formation \u00e0 l\u2019image de celle de Boumerd\u00e8s et Assirem. Sinc\u00e8rement, je me d\u00e9place partout pour d\u00e9nicher les talents. \u00bb<br \/>\u00a0<\/p>\n<p><strong>Publi\u00e9 dans :<\/strong> <span>Mulak<\/span> <span>Boumerd\u00e8s et Assirem<\/span><\/p>\n<\/div>\n<p>Auteur:<br \/>\n<a href=\"http:\/\/www.lebuteur.com\/article\/detail?titre=la-presidence-reagit-et-fixe-lecheance-a-fin-2020&#038;id=95246&#038;utm_source=feedburner&#038;utm_medium=feed&#038;utm_campaign=Feed%3A+GalerieFArtciles+%28Les+derniers+articles++-+lebuteur.com%29\">Cliquez ici pour lire l&rsquo;article depuis sa source.<\/a><\/p>\n","protected":false},"excerpt":{"rendered":"<p>Auteur : A. R., S. D. mercredi 11 mars 2020 15:00 Lors du dernier conseil des ministres, le pr\u00e9sident de la R\u00e9publique a fix\u00e9 l\u2019\u00e9ch\u00e9ance de livraison des stades en construction, Oran, Baraki et Tizi Ouzou, pour la fin de l\u2019ann\u00e9e 2020, a indiqu\u00e9, lundi soir, un communiqu\u00e9 de la Pr\u00e9sidence. N\u00e9anmoins, si pour les [&hellip;]<\/p>\n","protected":false},"author":1738,"featured_media":78763,"comment_status":"closed","ping_status":"closed","sticky":false,"template":"","format":"standard","meta":{"fifu_image_url":"","fifu_image_alt":"","footnotes":""},"categories":[53,75],"tags":[],"class_list":["post-78762","post","type-post","status-publish","format-standard","has-post-thumbnail","hentry","category-algerie","category-sport"],"_links":{"self":[{"href":"https:\/\/linitiative.ca\/International\/wp-json\/wp\/v2\/posts\/78762","targetHints":{"allow":["GET"]}}],"collection":[{"href":"https:\/\/linitiative.ca\/International\/wp-json\/wp\/v2\/posts"}],"about":[{"href":"https:\/\/linitiative.ca\/International\/wp-json\/wp\/v2\/types\/post"}],"author":[{"embeddable":true,"href":"https:\/\/linitiative.ca\/International\/wp-json\/wp\/v2\/users\/1738"}],"replies":[{"embeddable":true,"href":"https:\/\/linitiative.ca\/International\/wp-json\/wp\/v2\/comments?post=78762"}],"version-history":[{"count":0,"href":"https:\/\/linitiative.ca\/International\/wp-json\/wp\/v2\/posts\/78762\/revisions"}],"wp:featuredmedia":[{"embeddable":true,"href":"https:\/\/linitiative.ca\/International\/wp-json\/"}],"wp:attachment":[{"href":"https:\/\/linitiative.ca\/International\/wp-json\/wp\/v2\/media?parent=78762"}],"wp:term":[{"taxonomy":"category","embeddable":true,"href":"https:\/\/linitiative.ca\/International\/wp-json\/wp\/v2\/categories?post=78762"},{"taxonomy":"post_tag","embeddable":true,"href":"https:\/\/linitiative.ca\/International\/wp-json\/wp\/v2\/tags?post=78762"}],"curies":[{"name":"wp","href":"https:\/\/api.w.org\/{rel}","templated":true}]}}