{"id":78766,"date":"2020-03-10T19:00:00","date_gmt":"2020-03-10T23:00:00","guid":{"rendered":"https:\/\/linitiative.ca\/International\/caisses-de-securite-sociale-m-djerad-ordonne-la-revision-du-management\/"},"modified":"2020-03-10T19:00:00","modified_gmt":"2020-03-10T23:00:00","slug":"caisses-de-securite-sociale-m-djerad-ordonne-la-revision-du-management","status":"publish","type":"post","link":"https:\/\/linitiative.ca\/International\/caisses-de-securite-sociale-m-djerad-ordonne-la-revision-du-management\/","title":{"rendered":"Caisses de s\u00e9curit\u00e9 sociale   :  M. Djerad ordonne  la r\u00e9vision du management"},"content":{"rendered":"<p>Le Premier ministre, Abdelaziz Djerad, a ordonn\u00e9, hier, de revoir le management actuel des Caisses de s\u00e9curit\u00e9 sociale, en introduisant davantage de transparence, en recourant \u00e0 la num\u00e9risation et en modernisant leur mode de gestion, afin de r\u00e9duire les co\u00fbts de leur fonctionnement, indique un communiqu\u00e9 des services du Premier ministre. M. Djerad qui s&rsquo;exprimait \u00e0 l&rsquo;issue des d\u00e9bats d&rsquo;un Conseil interminist\u00e9riel qu&rsquo;il a pr\u00e9sid\u00e9, consacr\u00e9 \u00e0 l&rsquo;examen du dossier relatif \u00e0 la situation des Caisses de s\u00e9curit\u00e9 sociale et de retraite ainsi que les perspectives de leur redressement, a donn\u00e9 aussi l&rsquo;orientation d&rsquo;organiser l&rsquo;examen annuel de la situation financi\u00e8re du syst\u00e8me national de s\u00e9curit\u00e9 sociale par les deux chambres du Parlement au moyen d&rsquo;un instrument juridique appropri\u00e9 et d&rsquo;agir simultan\u00e9ment sur les deux axes de redressement sugg\u00e9r\u00e9s, \u00e0 savoir l&rsquo;introduction des r\u00e9formes param\u00e9triques et le recours aux sources additionnelles de financement. Concernant les mesures alternatives de financement du syst\u00e8me national de s\u00e9curit\u00e9 sociale, il s&rsquo;agira d&rsquo;identifier l&rsquo;ensemble des domaines potentiels, dont le segment du m\u00e9dicament, le tabac, l&rsquo;alcool et autres produits nocifs \u00e0 la sant\u00e9, les taxes douani\u00e8res et l&rsquo;IRG, a-t-il expliqu\u00e9. Le Premier ministre a \u00e9galement appel\u00e9 \u00e0 associer les diff\u00e9rents intervenants, en particulier, les partenaires sociaux dans la d\u00e9finition des modalit\u00e9s pratiques de mise en \u0153uvre des r\u00e9formes pr\u00e9conis\u00e9es du syst\u00e8me national de s\u00e9curit\u00e9 sociale, de privil\u00e9gier la d\u00e9marche de mise en \u0153uvre graduelle des mesures possibles de redressement en fixant les actions prioritaires, et de coordonner avec le secteur de l&rsquo;industrie pour la concr\u00e9tisation de l&rsquo;op\u00e9ration de recouvrement des cr\u00e9ances d\u00e9tenues sur les entreprises publiques. Il a, en outre, ordonn\u00e9 d&rsquo;engager la r\u00e9vision de la composante actuelle des Conseils d&rsquo;administration des diff\u00e9rentes caisses, de renforcer la fonction de contr\u00f4le et am\u00e9liorer les modes de recouvrement des cotisations sociales et des cr\u00e9ances, d&rsquo;intensifier les actions de sensibilisation et de vulgarisation en faveur du recours au m\u00e9dicament g\u00e9n\u00e9rique et \u00e0 la production nationale, et de relancer le dossier relatif \u00e0 la contractualisation entre la s\u00e9curit\u00e9 sociale et les \u00e9tablissements publics de sant\u00e9.<br \/>M. Djerad a appel\u00e9 \u00e0 mettre en place un groupe de travail interminist\u00e9riel pour la finalisation des mesures \u00e0 proposer concernant les r\u00e9formes param\u00e9triques du syst\u00e8me national de retraite \u00e0 soumettre \u00e0 un examen en Conseil interminist\u00e9riel et \u00e0 accompagner l&rsquo;ensemble de ces mesures d&rsquo;une strat\u00e9gie de communication et de sensibilisation envers l&rsquo;opinion publique, quant \u00e0 la n\u00e9cessit\u00e9 d&rsquo;une r\u00e9forme du syst\u00e8me national de s\u00e9curit\u00e9 sociale.<br \/>Le Conseil interminist\u00e9riel a entendu les interventions des ministres, lesquelles ont port\u00e9 essentiellement sur la situation financi\u00e8re des diff\u00e9rentes caisses de s\u00e9curit\u00e9 sociale (CNR, CNAS, CASNOS, CNAC, CACOBATPH, FNPOS), et ont fait ressortir en particulier le d\u00e9ficit chronique que conna\u00eet la Caisse nationale des retraites (CNR) depuis 2013, lit-on dans le communiqu\u00e9 qui souligne qu&rsquo;il a \u00e9t\u00e9 signal\u00e9 que \u00able d\u00e9ficit enregistr\u00e9 par la CNR, au titre de l&rsquo;ann\u00e9e 2019, qui est de 601,11 milliards de DA, atteindra, \u00e0 d\u00e9faut de r\u00e9formes structurelles du syst\u00e8me, un montant de 1.093,4 milliards de DA \u00e0 l&rsquo;horizon 2030\u00bb. A ce titre, il a \u00e9t\u00e9 fait \u00e9tat des mesures retenues par le gouvernement dans son plan d&rsquo;action, approuv\u00e9 en f\u00e9vrier 2020, ainsi que des propositions de r\u00e9formes envisag\u00e9es.<\/p>\n<p>Auteur: elmoudjahid<br \/>\n<a href=\"http:\/\/www.elmoudjahid.com\/fr\/actualites\/149686\">Cliquez ici pour lire l&rsquo;article depuis sa source.<\/a><\/p>\n","protected":false},"excerpt":{"rendered":"<p>Le Premier ministre, Abdelaziz Djerad, a ordonn\u00e9, hier, de revoir le management actuel des Caisses de s\u00e9curit\u00e9 sociale, en introduisant davantage de transparence, en recourant \u00e0 la num\u00e9risation et en modernisant leur mode de gestion, afin de r\u00e9duire les co\u00fbts de leur fonctionnement, indique un communiqu\u00e9 des services du Premier ministre. M. Djerad qui s&rsquo;exprimait [&hellip;]<\/p>\n","protected":false},"author":1744,"featured_media":0,"comment_status":"closed","ping_status":"closed","sticky":false,"template":"","format":"standard","meta":{"fifu_image_url":"","fifu_image_alt":"","footnotes":""},"categories":[73,53],"tags":[],"class_list":["post-78766","post","type-post","status-publish","format-standard","hentry","category-actualite","category-algerie"],"_links":{"self":[{"href":"https:\/\/linitiative.ca\/International\/wp-json\/wp\/v2\/posts\/78766","targetHints":{"allow":["GET"]}}],"collection":[{"href":"https:\/\/linitiative.ca\/International\/wp-json\/wp\/v2\/posts"}],"about":[{"href":"https:\/\/linitiative.ca\/International\/wp-json\/wp\/v2\/types\/post"}],"author":[{"embeddable":true,"href":"https:\/\/linitiative.ca\/International\/wp-json\/wp\/v2\/users\/1744"}],"replies":[{"embeddable":true,"href":"https:\/\/linitiative.ca\/International\/wp-json\/wp\/v2\/comments?post=78766"}],"version-history":[{"count":0,"href":"https:\/\/linitiative.ca\/International\/wp-json\/wp\/v2\/posts\/78766\/revisions"}],"wp:attachment":[{"href":"https:\/\/linitiative.ca\/International\/wp-json\/wp\/v2\/media?parent=78766"}],"wp:term":[{"taxonomy":"category","embeddable":true,"href":"https:\/\/linitiative.ca\/International\/wp-json\/wp\/v2\/categories?post=78766"},{"taxonomy":"post_tag","embeddable":true,"href":"https:\/\/linitiative.ca\/International\/wp-json\/wp\/v2\/tags?post=78766"}],"curies":[{"name":"wp","href":"https:\/\/api.w.org\/{rel}","templated":true}]}}