{"id":78767,"date":"2020-03-10T19:00:00","date_gmt":"2020-03-10T23:00:00","guid":{"rendered":"https:\/\/linitiative.ca\/International\/competitions-sportives-a-huis-clos-jusquau-31-mars\/"},"modified":"2020-03-10T19:00:00","modified_gmt":"2020-03-10T23:00:00","slug":"competitions-sportives-a-huis-clos-jusquau-31-mars","status":"publish","type":"post","link":"https:\/\/linitiative.ca\/International\/competitions-sportives-a-huis-clos-jusquau-31-mars\/","title":{"rendered":"Comp\u00e9titions sportives : \u00c0 huis clos jusqu\u2019au 31 mars"},"content":{"rendered":"<p>Le minist\u00e8re de la Jeunesse et des Sports a d\u00e9cid\u00e9, hier, de restreindre les comp\u00e9titions sportives nationales au mode du huis clos jusqu&rsquo;au 31 mars prochain et de reporter les manifestations internationales devant se d\u00e9rouler en Alg\u00e9rie, dans le cadre des mesures de pr\u00e9vention face au coronavirus. Conform\u00e9ment aux instructions du Pr\u00e9sident de la R\u00e9publique, Abdelmadjid Tebboune, le MJS a indiqu\u00e9 dans un communique transmis \u00e0 l&rsquo;APS, que \u00abtoutes les comp\u00e9titions sportives nationales devront se d\u00e9rouler \u00e0 huis clos (sans public) \u00e0 titre pr\u00e9ventif et ce, jusqu&rsquo;au 31 mars courant\u00bb. Concernant les comp\u00e9titions internationales pr\u00e9vues en Alg\u00e9rie, le minist\u00e8re de la tutelle en concertation avec les F\u00e9d\u00e9rations sportives nationales et internationales concern\u00e9es, ont d\u00e9cid\u00e9 du \u00abreport de toutes les manifestations sportives \u00e0 l&rsquo;exception de celles qualificatives aux comp\u00e9titions internationales, continentales et r\u00e9gionales\u00bb.<br \/>\u00abLa participation des athl\u00e8tes alg\u00e9riens aux comp\u00e9titions internationales ne sera permise qu&rsquo;au cas ou l&rsquo;absence de l&rsquo;Alg\u00e9rie pourrait \u00eatre p\u00e9nalis\u00e9e ou la disqualifierait\u00a0 des \u00e9v\u00e8nements sportifs mondiaux. N\u00e9anmoins, les athl\u00e8tes concern\u00e9s seront, \u00e0 leur retour, obligatoirement soumis aux mesures m\u00e9dicales usit\u00e9es\u00bb, pr\u00e9cise le MJS.<br \/>Ces mesures de pr\u00e9caution, concernent \u00e9galement les stages de pr\u00e9parations des athl\u00e8tes et \u00e9quipes nationales \u00e0 l&rsquo;\u00e9tranger, qui ont \u00e9t\u00e9 diff\u00e9r\u00e9s au 15 avril prochain.<br \/>\u00a0<\/p>\n<p>Auteur: elmoudjahid<br \/>\n<a href=\"http:\/\/www.elmoudjahid.com\/fr\/actualites\/149687\">Cliquez ici pour lire l&rsquo;article depuis sa source.<\/a><\/p>\n","protected":false},"excerpt":{"rendered":"<p>Le minist\u00e8re de la Jeunesse et des Sports a d\u00e9cid\u00e9, hier, de restreindre les comp\u00e9titions sportives nationales au mode du huis clos jusqu&rsquo;au 31 mars prochain et de reporter les manifestations internationales devant se d\u00e9rouler en Alg\u00e9rie, dans le cadre des mesures de pr\u00e9vention face au coronavirus. Conform\u00e9ment aux instructions du Pr\u00e9sident de la R\u00e9publique, [&hellip;]<\/p>\n","protected":false},"author":1744,"featured_media":0,"comment_status":"closed","ping_status":"closed","sticky":false,"template":"","format":"standard","meta":{"fifu_image_url":"","fifu_image_alt":"","footnotes":""},"categories":[73,53],"tags":[],"class_list":["post-78767","post","type-post","status-publish","format-standard","hentry","category-actualite","category-algerie"],"_links":{"self":[{"href":"https:\/\/linitiative.ca\/International\/wp-json\/wp\/v2\/posts\/78767","targetHints":{"allow":["GET"]}}],"collection":[{"href":"https:\/\/linitiative.ca\/International\/wp-json\/wp\/v2\/posts"}],"about":[{"href":"https:\/\/linitiative.ca\/International\/wp-json\/wp\/v2\/types\/post"}],"author":[{"embeddable":true,"href":"https:\/\/linitiative.ca\/International\/wp-json\/wp\/v2\/users\/1744"}],"replies":[{"embeddable":true,"href":"https:\/\/linitiative.ca\/International\/wp-json\/wp\/v2\/comments?post=78767"}],"version-history":[{"count":0,"href":"https:\/\/linitiative.ca\/International\/wp-json\/wp\/v2\/posts\/78767\/revisions"}],"wp:attachment":[{"href":"https:\/\/linitiative.ca\/International\/wp-json\/wp\/v2\/media?parent=78767"}],"wp:term":[{"taxonomy":"category","embeddable":true,"href":"https:\/\/linitiative.ca\/International\/wp-json\/wp\/v2\/categories?post=78767"},{"taxonomy":"post_tag","embeddable":true,"href":"https:\/\/linitiative.ca\/International\/wp-json\/wp\/v2\/tags?post=78767"}],"curies":[{"name":"wp","href":"https:\/\/api.w.org\/{rel}","templated":true}]}}