{"id":78770,"date":"2020-03-10T19:00:00","date_gmt":"2020-03-10T23:00:00","guid":{"rendered":"https:\/\/linitiative.ca\/International\/lutte-contre-le-coronavirus-m-beldjoud-transmet-des-messages-du-president-tebboune-au-dgsn-et-au-dgpc\/"},"modified":"2020-03-10T19:00:00","modified_gmt":"2020-03-10T23:00:00","slug":"lutte-contre-le-coronavirus-m-beldjoud-transmet-des-messages-du-president-tebboune-au-dgsn-et-au-dgpc","status":"publish","type":"post","link":"https:\/\/linitiative.ca\/International\/lutte-contre-le-coronavirus-m-beldjoud-transmet-des-messages-du-president-tebboune-au-dgsn-et-au-dgpc\/","title":{"rendered":"Lutte contre le coronavirus : M. Beldjoud transmet des Messages  du pr\u00e9sident Tebboune au DGSN et au DGPC"},"content":{"rendered":"<p><strong>La S\u00fbret\u00e9 nationale appel\u00e9e \u00e0 plus de coordination<\/strong><\/p>\n<p>Le ministre de l&rsquo;Int\u00e9rieur, des Collectivit\u00e9s locales et de l&rsquo;Am\u00e9nagement du territoire, Kamel Beldjoud, a adress\u00e9 un message au Directeur g\u00e9n\u00e9ral de la S\u00fbret\u00e9 nationale, dans lequel il a transmis les remerciements et les f\u00e9licitations du pr\u00e9sident de la R\u00e9publique, M. Abdelmadjid Tebboune, \u00e0 tous les cadres et agents de la S\u00fbret\u00e9 nationale pour leurs efforts consentis visant \u00e0 faire face \u00e0 la pand\u00e9mie du Coronavirus depuis son apparition. M. Beldjoud a pr\u00e9cis\u00e9 avoir \u00e9t\u00e9 charg\u00e9 par le pr\u00e9sident de la R\u00e9publique, lors du dernier Conseil des ministres, de transmettre \u00abses remerciements et ses f\u00e9licitations \u00e0 tous les cadres et agents de la S\u00fbret\u00e9 nationale pour leurs efforts d\u00e9ploy\u00e9s en vue de faire face au Coronavirus depuis son apparition, et ce dans les quatre coins du pays (a\u00e9roports, ports et fronti\u00e8res terrestres)\u00bb. Et d&rsquo;ajouter que \u00abces efforts ont permis, jusqu&rsquo;\u00e0 ce jour, de contenir et ma\u00eetriser la situation, de prendre, en parall\u00e8le, les mesures n\u00e9cessaires et de mobiliser les moyens, dans le souci de garantir la s\u00e9curit\u00e9 des citoyens\u00bb. \u00abLe Pr\u00e9sident Tebboune a par ailleurs pr\u00e9sent\u00e9 ses encouragements aux cadres et agents de la S\u00fbret\u00e9 nationale, les appelant \u00e0 \u00abplus de vigilance et de mobilisation afin de faire face \u00e0 cette pand\u00e9mie, \u00e0 davantage de coordination avec les diff\u00e9rents services et d&rsquo;actions de proximit\u00e9 avec les citoyens, en s&rsquo;engageant pleinement dans leurs missions r\u00e9guli\u00e8res \u00e0 dimension humaine qui ne s&rsquo;\u00e9carte pas de leurs qualit\u00e9s morales et de leur formation au sein du corps de la S\u00fbret\u00e9 nationale\u00bb, relevant \u00abl&rsquo;imp\u00e9ratif d&rsquo;\u0153uvrer de concert pour la cons\u00e9cration de ces missions avec vigilance et d\u00e9termination, dans le cadre de la nouvelle R\u00e9publique\u00bb, lit-on dans ce message.<\/p>\n<p><strong>La Protection civile exhort\u00e9e \u00e0 davantage de vigilance<\/strong><\/p>\n<p>Le ministre de l&rsquo;Int\u00e9rieur, des Collectivit\u00e9s locales et de l&rsquo;Am\u00e9nagement du territoire, Kamal Beldjoud, a adress\u00e9 un message au Directeur g\u00e9n\u00e9ral de la Protection civile, dans lequel il a transmis \u00ables remerciements et les f\u00e9licitations\u00bb du pr\u00e9sident de la R\u00e9publique \u00e0 tous les cadres et agents de la protection civile pour leurs efforts consentis visant \u00e0 faire face au Coronavirus depuis son apparition. M. Beldjoud a fait savoir, dans son message, que le pr\u00e9sident de la R\u00e9publique l&rsquo;avait charg\u00e9 personnellement, lors du dernier Conseil des ministres, de transmettre \u00abses remerciements et ses sinc\u00e8res f\u00e9licitations \u00e0 tous les cadres et agents de la protection civile pour leurs efforts consentis visant \u00e0 faire face au Coronavirus, depuis son apparition, dans les quatre coins du pays (a\u00e9roports, ports et fronti\u00e8res terrestres)\u00bb. Ces efforts \u00abont permis, jusqu&rsquo;\u00e0 ce jour, de contenir et ma\u00eetriser la situation, de prendre, en parall\u00e8le, les mesures n\u00e9cessaires et de mobiliser les moyens, dans le souci de garantir la s\u00e9curit\u00e9 des citoyens\u00bb. a-t-il poursuivi.<br \/>Le Pr\u00e9sident Tebboune a pr\u00e9sent\u00e9, en outre, ses encouragements aux cadres et agents de la Protection civile, les appelant \u00e0 \u00abplus de vigilance et de mobilisation afin de faire face \u00e0 cette pand\u00e9mie, \u00e0 davantage de coordination avec les diff\u00e9rents services et d&rsquo;actions de proximit\u00e9 avec les citoyens, en s&rsquo;engageant pleinement dans leurs missions r\u00e9guli\u00e8res \u00e0 dimension humaine qui ne s&rsquo;\u00e9carte pas de leurs qualit\u00e9s morales et de leur formation au sein du corps de la Protection civile\u00bb, relevant \u00abl&rsquo;imp\u00e9ratif d&rsquo;\u0153uvrer de concert pour la cons\u00e9cration de ces missions, avec vigilance et d\u00e9termination, dans le cadre de la nouvelle R\u00e9publique\u00bb.<\/p>\n<p>Auteur: elmoudjahid<br \/>\n<a href=\"http:\/\/www.elmoudjahid.com\/fr\/actualites\/149690\">Cliquez ici pour lire l&rsquo;article depuis sa source.<\/a><\/p>\n","protected":false},"excerpt":{"rendered":"<p>La S\u00fbret\u00e9 nationale appel\u00e9e \u00e0 plus de coordination Le ministre de l&rsquo;Int\u00e9rieur, des Collectivit\u00e9s locales et de l&rsquo;Am\u00e9nagement du territoire, Kamel Beldjoud, a adress\u00e9 un message au Directeur g\u00e9n\u00e9ral de la S\u00fbret\u00e9 nationale, dans lequel il a transmis les remerciements et les f\u00e9licitations du pr\u00e9sident de la R\u00e9publique, M. Abdelmadjid Tebboune, \u00e0 tous les cadres [&hellip;]<\/p>\n","protected":false},"author":1744,"featured_media":0,"comment_status":"closed","ping_status":"closed","sticky":false,"template":"","format":"standard","meta":{"fifu_image_url":"","fifu_image_alt":"","footnotes":""},"categories":[73,53],"tags":[],"class_list":["post-78770","post","type-post","status-publish","format-standard","hentry","category-actualite","category-algerie"],"_links":{"self":[{"href":"https:\/\/linitiative.ca\/International\/wp-json\/wp\/v2\/posts\/78770","targetHints":{"allow":["GET"]}}],"collection":[{"href":"https:\/\/linitiative.ca\/International\/wp-json\/wp\/v2\/posts"}],"about":[{"href":"https:\/\/linitiative.ca\/International\/wp-json\/wp\/v2\/types\/post"}],"author":[{"embeddable":true,"href":"https:\/\/linitiative.ca\/International\/wp-json\/wp\/v2\/users\/1744"}],"replies":[{"embeddable":true,"href":"https:\/\/linitiative.ca\/International\/wp-json\/wp\/v2\/comments?post=78770"}],"version-history":[{"count":0,"href":"https:\/\/linitiative.ca\/International\/wp-json\/wp\/v2\/posts\/78770\/revisions"}],"wp:attachment":[{"href":"https:\/\/linitiative.ca\/International\/wp-json\/wp\/v2\/media?parent=78770"}],"wp:term":[{"taxonomy":"category","embeddable":true,"href":"https:\/\/linitiative.ca\/International\/wp-json\/wp\/v2\/categories?post=78770"},{"taxonomy":"post_tag","embeddable":true,"href":"https:\/\/linitiative.ca\/International\/wp-json\/wp\/v2\/tags?post=78770"}],"curies":[{"name":"wp","href":"https:\/\/api.w.org\/{rel}","templated":true}]}}