{"id":78771,"date":"2020-03-11T04:46:36","date_gmt":"2020-03-11T08:46:36","guid":{"rendered":"https:\/\/linitiative.ca\/International\/102848-covid-19-les-competitions-nationales-a-huis-clos-report-des-manifestations-internationales\/"},"modified":"2020-03-11T04:46:36","modified_gmt":"2020-03-11T08:46:36","slug":"102848-covid-19-les-competitions-nationales-a-huis-clos-report-des-manifestations-internationales","status":"publish","type":"post","link":"https:\/\/linitiative.ca\/International\/102848-covid-19-les-competitions-nationales-a-huis-clos-report-des-manifestations-internationales\/","title":{"rendered":"Covid19: comp\u00e9titions nationales \u00e0 huis clos, manifestations internationales report\u00e9es"},"content":{"rendered":"<div>\n<div class=\"K2FeedImage\"><img decoding=\"async\" src=\"http:\/\/www.aps.dz\/media\/k2\/items\/cache\/35ce28538d1def5bf2f22c02f7b79533_S.jpg\" alt=\"Covid19: comp&eacute;titions nationales &agrave; huis clos, manifestations internationales report&eacute;es\"><\/div>\n<div class=\"K2FeedIntroText\">\n<p><strong>ALGER &#8211; Le minist&egrave;re de la Jeunesse et des Sports (MJS) a d&eacute;cid&eacute; mardi de restreindre les comp&eacute;titions sportives nationales au mode du huis clos jusqu&rsquo;au 31 mars prochain et de reporter les manifestations internationales devant se d&eacute;rouler en Alg&eacute;rie, dans le cadre des mesures de pr&eacute;vention face au coronavirus.<\/strong><\/p>\n<\/div>\n<div class=\"K2FeedFullText\">\n<p>Conform&eacute;ment aux instructions du Pr&eacute;sident de la R&eacute;publique, Abdelmadjid Tebboune, le MJS a indiqu&eacute; dans un communique transmis &agrave; l&rsquo;APS, que toutes les comp&eacute;titions sportives nationales devront se d&eacute;rouler &agrave; huis-clos (sans public) &agrave; titre pr&eacute;ventif et ce, jusqu&rsquo;au 31 mars courant\u00a0\u00bb.<\/p>\n<p>Concernant les comp&eacute;titions internationales pr&eacute;vues en Alg&eacute;rie, le minist&egrave;re de la tutelle en concertation avec les F&eacute;d&eacute;rations sportives nationales et internationales concern&eacute;es, ont d&eacute;cid&eacute; du \u00ab\u00a0report de toutes les manifestations sportives &agrave; l&rsquo;exception de celles qualificatives aux comp&eacute;titions internationales, continentales et r&eacute;gionales\u00a0\u00bb.<\/p>\n<blockquote>\n<p><em><strong>\u00ab\u00a0La participation des athl&egrave;tes alg&eacute;riens aux comp&eacute;titions internationales ne sera permise qu&rsquo;au cas ou l&rsquo;absence de l&rsquo;Alg&eacute;rie pourrait &ecirc;tre p&eacute;nalis&eacute;e ou la disqualifierait&nbsp; des &eacute;v&egrave;nements sportifs mondiaux. N&eacute;anmoins, les athl&egrave;tes concern&eacute;s seront, &agrave; leur retour, obligatoirement soumis aux mesures m&eacute;dicales usit&eacute;es\u00a0\u00bb, pr&eacute;cise le MJS.<\/strong><\/em><\/p>\n<\/blockquote>\n<p>Ces mesures de pr&eacute;caution, concernent &eacute;galement les stages de pr&eacute;parations des athl&egrave;tes et &eacute;quipes nationales &agrave; l&rsquo;&eacute;tranger, qui ont &eacute;t&eacute; diff&eacute;r&eacute;s au 15 avril courant.<\/p>\n<hr>\n<h3>Lire aussi:&nbsp;<a href=\"http:\/\/www.aps.dz\/sante-science-technologie\/102817-coronavirus-l-etat-a-mobilise-tous-les-moyens-pour-faire-face-a-l-epidemie\" target=\"_blank\" rel=\"noopener noreferrer\">Coronavirus: l&rsquo;Etat a mobilis&eacute; tous les moyens pour faire face &agrave; l&rsquo;&eacute;pid&eacute;mie<\/a><\/h3>\n<hr>\n<p><em><strong>L&rsquo;Alg&eacute;rie a d&eacute;cid&eacute; d&rsquo;annuler les rassemblements sportifs en raison de l&rsquo;&eacute;pid&eacute;mie de nouveau coronavirus<\/strong><\/em>, a annonc&eacute; mardi le ministre de la Sant&eacute; Abderahmane Benbouzid.<\/p>\n<blockquote>\n<p><em><strong>\u00ab\u00a0Tous les rassemblements sportifs, culturels, politiques sont annul&eacute;s. Tous les salons et les foires sont annul&eacute;s, on ne prend pas de risque\u00a0\u00bb, a d&eacute;clar&eacute; Benbouzid lors d&rsquo;un forum du quotidien Echaab.<\/strong><\/em><\/p>\n<\/blockquote>\n<p>\u00ab\u00a0Le pr&eacute;sident Abdelmadjid Tebboune nous a donn&eacute; des instructions pour interdire tous les rassemblements, et parmi eux les stades\u00a0\u00bb, a-t-il ajout&eacute;.<\/p>\n<p>A ce jour, 19 cas de Covid-19 ont &eacute;t&eacute; confirm&eacute;s par le minist&egrave;re alg&eacute;rien de la Sant&eacute;, dont 17 sont issus de la m&ecirc;me famille. Le premier cas confirm&eacute;, un ressortissant italien, a &eacute;t&eacute; transf&eacute;r&eacute;, en bon &eacute;tat de sant&eacute;, vers son pays le 28 f&eacute;vrier dernier.<\/p>\n<\/div>\n<p><img loading=\"lazy\" decoding=\"async\" src=\"http:\/\/feeds.feedburner.com\/~r\/aps-sport\/~4\/bM5eMbB4RP0\" height=\"1\" width=\"1\" alt=\"\"><\/div>\n<p>Auteur:<br \/>\n<a href=\"http:\/\/www.aps.dz\/sport\/102848-covid-19-les-competitions-nationales-a-huis-clos-report-des-manifestations-internationales?utm_source=feedburner&#038;utm_medium=feed&#038;utm_campaign=Feed%3A+aps-sport+%28APS+-+SPORT%29\">Cliquez ici pour lire l&rsquo;article depuis sa source.<\/a><\/p>\n","protected":false},"excerpt":{"rendered":"<p>ALGER &#8211; Le minist&egrave;re de la Jeunesse et des Sports (MJS) a d&eacute;cid&eacute; mardi de restreindre les comp&eacute;titions sportives nationales au mode du huis clos jusqu&rsquo;au 31 mars prochain et de reporter les manifestations internationales devant se d&eacute;rouler en Alg&eacute;rie, dans le cadre des mesures de pr&eacute;vention face au coronavirus. Conform&eacute;ment aux instructions du Pr&eacute;sident [&hellip;]<\/p>\n","protected":false},"author":1790,"featured_media":78772,"comment_status":"closed","ping_status":"closed","sticky":false,"template":"","format":"standard","meta":{"fifu_image_url":"","fifu_image_alt":"","footnotes":""},"categories":[53,75],"tags":[],"class_list":["post-78771","post","type-post","status-publish","format-standard","has-post-thumbnail","hentry","category-algerie","category-sport"],"_links":{"self":[{"href":"https:\/\/linitiative.ca\/International\/wp-json\/wp\/v2\/posts\/78771","targetHints":{"allow":["GET"]}}],"collection":[{"href":"https:\/\/linitiative.ca\/International\/wp-json\/wp\/v2\/posts"}],"about":[{"href":"https:\/\/linitiative.ca\/International\/wp-json\/wp\/v2\/types\/post"}],"author":[{"embeddable":true,"href":"https:\/\/linitiative.ca\/International\/wp-json\/wp\/v2\/users\/1790"}],"replies":[{"embeddable":true,"href":"https:\/\/linitiative.ca\/International\/wp-json\/wp\/v2\/comments?post=78771"}],"version-history":[{"count":0,"href":"https:\/\/linitiative.ca\/International\/wp-json\/wp\/v2\/posts\/78771\/revisions"}],"wp:featuredmedia":[{"embeddable":true,"href":"https:\/\/linitiative.ca\/International\/wp-json\/"}],"wp:attachment":[{"href":"https:\/\/linitiative.ca\/International\/wp-json\/wp\/v2\/media?parent=78771"}],"wp:term":[{"taxonomy":"category","embeddable":true,"href":"https:\/\/linitiative.ca\/International\/wp-json\/wp\/v2\/categories?post=78771"},{"taxonomy":"post_tag","embeddable":true,"href":"https:\/\/linitiative.ca\/International\/wp-json\/wp\/v2\/tags?post=78771"}],"curies":[{"name":"wp","href":"https:\/\/api.w.org\/{rel}","templated":true}]}}