{"id":78778,"date":"2020-03-11T13:21:00","date_gmt":"2020-03-11T17:21:00","guid":{"rendered":"https:\/\/linitiative.ca\/International\/bechar-saisie-de-plus-de-10-quintaux-de-kif-traite\/"},"modified":"2020-03-11T13:21:00","modified_gmt":"2020-03-11T17:21:00","slug":"bechar-saisie-de-plus-de-10-quintaux-de-kif-traite","status":"publish","type":"post","link":"https:\/\/linitiative.ca\/International\/bechar-saisie-de-plus-de-10-quintaux-de-kif-traite\/","title":{"rendered":"BECHAR : Saisie de plus de 10 quintaux de kif trait\u00e9"},"content":{"rendered":"<p><br id=\"sep_para_1\" class=\"sep_para access\"\/><\/p>\n<div id=\"para_1\" class=\"para_35900709 resize\">\n<div class=\"photo shadow left\"><a href=\"javascript:void(0)\" rel=\"https:\/\/www.reflexiondz.net\/photo\/art\/grande\/43548929-35900709.jpg?v=1583953534&amp;ibox\" title=\"BECHAR : Saisie de plus de 10 quintaux de kif trait\u00e9\"><img decoding=\"async\" class=\"responsive c9\" src=\"https:\/\/www.reflexiondz.net\/photo\/art\/grande\/43548929-35900709.jpg?v=1583953534\" alt=\"BECHAR : Saisie de plus de 10 quintaux de kif trait\u00e9\" title=\"BECHAR : Saisie de plus de 10 quintaux de kif trait\u00e9\"\/><img decoding=\"async\" class=\"not-responsive\" src=\"https:\/\/www.reflexiondz.net\/photo\/art\/default\/43548929-35900709.jpg?v=1583953535\" alt=\"BECHAR : Saisie de plus de 10 quintaux de kif trait\u00e9\" title=\"BECHAR : Saisie de plus de 10 quintaux de kif trait\u00e9\"\/><\/a><\/div>\n<div class=\"texte access firstletter\">Une quantit\u00e9 de kif trait\u00e9 s&rsquo;\u00e9levant \u00e0 10 quintaux et 50 kilogrammes a \u00e9t\u00e9 saisie mardi par un d\u00e9tachement combin\u00e9 de l&rsquo;Arm\u00e9e nationale populaire (ANP) dans la localit\u00e9 frontali\u00e8re de B\u00e9ni Ouenif (wilaya de Bechar), a indiqu\u00e9\u00a0 mercredi un communiqu\u00e9 du minist\u00e8re de la D\u00e9fense nationale (MDN). \u00ab\u00a0Dans le cadre de la lutte contre la criminalit\u00e9 organis\u00e9e, dans la dynamique des op\u00e9rations visant \u00e0 mettre en \u00e9chec les tentatives de narcotrafic dans notre pays et gr\u00e2ce \u00e0 l&rsquo;exploitation de renseignements, un d\u00e9tachement combin\u00e9 de l&rsquo;Arm\u00e9e nationale populaire a saisi, le 10 mars 2020, dans la localit\u00e9 frontali\u00e8re de B\u00e9ni Ouenif, wilaya de Bechar (3\u00e8m R\u00e9gion militaire), une grande quantit\u00e9 de kif trait\u00e9 s&rsquo;\u00e9levant \u00e0 dix (10) quintaux et cinquante (50) kilogrammes\u00a0\u00bb, pr\u00e9cise le communiqu\u00e9.<\/div>\n<\/div>\n<p>Auteur: Nadine<br \/>\n<a href=\"https:\/\/www.reflexiondz.net\/BECHAR-Saisie-de-plus-de-10-quintaux-de-kif-traite_a61211.html\">Cliquez ici pour lire l&rsquo;article depuis sa source.<\/a><\/p>\n","protected":false},"excerpt":{"rendered":"<p>Une quantit\u00e9 de kif trait\u00e9 s&rsquo;\u00e9levant \u00e0 10 quintaux et 50 kilogrammes a \u00e9t\u00e9 saisie mardi par un d\u00e9tachement combin\u00e9 de l&rsquo;Arm\u00e9e nationale populaire (ANP) dans la localit\u00e9 frontali\u00e8re de B\u00e9ni Ouenif (wilaya de Bechar), a indiqu\u00e9\u00a0 mercredi un communiqu\u00e9 du minist\u00e8re de la D\u00e9fense nationale (MDN). \u00ab\u00a0Dans le cadre de la lutte contre la [&hellip;]<\/p>\n","protected":false},"author":1740,"featured_media":0,"comment_status":"closed","ping_status":"closed","sticky":false,"template":"","format":"standard","meta":{"fifu_image_url":"","fifu_image_alt":"","footnotes":""},"categories":[53,76],"tags":[],"class_list":["post-78778","post","type-post","status-publish","format-standard","hentry","category-algerie","category-regions"],"_links":{"self":[{"href":"https:\/\/linitiative.ca\/International\/wp-json\/wp\/v2\/posts\/78778","targetHints":{"allow":["GET"]}}],"collection":[{"href":"https:\/\/linitiative.ca\/International\/wp-json\/wp\/v2\/posts"}],"about":[{"href":"https:\/\/linitiative.ca\/International\/wp-json\/wp\/v2\/types\/post"}],"author":[{"embeddable":true,"href":"https:\/\/linitiative.ca\/International\/wp-json\/wp\/v2\/users\/1740"}],"replies":[{"embeddable":true,"href":"https:\/\/linitiative.ca\/International\/wp-json\/wp\/v2\/comments?post=78778"}],"version-history":[{"count":0,"href":"https:\/\/linitiative.ca\/International\/wp-json\/wp\/v2\/posts\/78778\/revisions"}],"wp:attachment":[{"href":"https:\/\/linitiative.ca\/International\/wp-json\/wp\/v2\/media?parent=78778"}],"wp:term":[{"taxonomy":"category","embeddable":true,"href":"https:\/\/linitiative.ca\/International\/wp-json\/wp\/v2\/categories?post=78778"},{"taxonomy":"post_tag","embeddable":true,"href":"https:\/\/linitiative.ca\/International\/wp-json\/wp\/v2\/tags?post=78778"}],"curies":[{"name":"wp","href":"https:\/\/api.w.org\/{rel}","templated":true}]}}