{"id":78779,"date":"2020-03-11T13:23:00","date_gmt":"2020-03-11T17:23:00","guid":{"rendered":"https:\/\/linitiative.ca\/International\/karim-tabbou-condamne-a-6-mois-de-prison-ferme\/"},"modified":"2020-03-11T13:23:00","modified_gmt":"2020-03-11T17:23:00","slug":"karim-tabbou-condamne-a-6-mois-de-prison-ferme","status":"publish","type":"post","link":"https:\/\/linitiative.ca\/International\/karim-tabbou-condamne-a-6-mois-de-prison-ferme\/","title":{"rendered":"Karim Tabbou condamn\u00e9 \u00e0 6 mois de prison ferme"},"content":{"rendered":"<p><br id=\"sep_para_1\" class=\"sep_para access\"\/><\/p>\n<div id=\"para_1\" class=\"para_35900739 resize\">\n<div class=\"texte access firstletter\">Le verdict dans le proc\u00e8s du militant Karim Tabbou est tomb\u00e9 au tribunal Sidi M\u2019hamed,\u00a0 mercredi 11 mars \u00e0 Alger, selon le comit\u00e9 national pour la lib\u00e9ration des d\u00e9tenus (CNLD). En effet, Karim Tabbou est condamn\u00e9 \u00e0 une ann\u00e9e de prison dont 6 mois ferme et une amende de 50000 DA, il quittera la prison, le 26 mars 2020. Pour rappel, Une peine de quatre ans de prison ferme assortie d\u2019une amende de 200 000 DA a \u00e9t\u00e9 requise par le parquet pr\u00e8s le tribunal de Sidi M\u2019hamed \u00e0 l\u2019encontre du militant et porte-parole de l\u2019Union d\u00e9mocratique et sociale, le 04 Mars. Rappelons que, Karim Tabou, plac\u00e9 en d\u00e9tention provisoire le 12 septembre dernier \u00e0 la prison de Kol\u00e9a (Tipasa), est poursuivi pour \u00ab atteinte au moral de l\u2019Arm\u00e9e \u00bb et \u00e0 \u00ab l\u2019unit\u00e9 nationale \u00bb, et \u00ab incitation \u00e0 la violence \u00bb. Apr\u00e8s deux demandes rejet\u00e9es, Karim Tabou a fini par \u00eatre remis en libert\u00e9 le 25 septembre 2019, mais moins de 24 heures apr\u00e8s, il a \u00e9t\u00e9 de nouveau arr\u00eat\u00e9 et pr\u00e9sent\u00e9, le 2 octobre de la m\u00eame ann\u00e9e, devant le juge d\u2019instruction pr\u00e8s le tribunal de Sidi M\u2019hamed qui l\u2019a plac\u00e9 une nouvelle fois en d\u00e9tention provisoire.<\/div>\n<\/div>\n<p>Auteur: R\u00e9flexion<br \/>\n<a href=\"https:\/\/www.reflexiondz.net\/Karim-Tabbou-condamne-a-6-mois-de-prison-ferme_a61218.html\">Cliquez ici pour lire l&rsquo;article depuis sa source.<\/a><\/p>\n","protected":false},"excerpt":{"rendered":"<p>Le verdict dans le proc\u00e8s du militant Karim Tabbou est tomb\u00e9 au tribunal Sidi M\u2019hamed,\u00a0 mercredi 11 mars \u00e0 Alger, selon le comit\u00e9 national pour la lib\u00e9ration des d\u00e9tenus (CNLD). En effet, Karim Tabbou est condamn\u00e9 \u00e0 une ann\u00e9e de prison dont 6 mois ferme et une amende de 50000 DA, il quittera la prison, [&hellip;]<\/p>\n","protected":false},"author":1740,"featured_media":0,"comment_status":"closed","ping_status":"closed","sticky":false,"template":"","format":"standard","meta":{"fifu_image_url":"","fifu_image_alt":"","footnotes":""},"categories":[53,76],"tags":[],"class_list":["post-78779","post","type-post","status-publish","format-standard","hentry","category-algerie","category-regions"],"_links":{"self":[{"href":"https:\/\/linitiative.ca\/International\/wp-json\/wp\/v2\/posts\/78779","targetHints":{"allow":["GET"]}}],"collection":[{"href":"https:\/\/linitiative.ca\/International\/wp-json\/wp\/v2\/posts"}],"about":[{"href":"https:\/\/linitiative.ca\/International\/wp-json\/wp\/v2\/types\/post"}],"author":[{"embeddable":true,"href":"https:\/\/linitiative.ca\/International\/wp-json\/wp\/v2\/users\/1740"}],"replies":[{"embeddable":true,"href":"https:\/\/linitiative.ca\/International\/wp-json\/wp\/v2\/comments?post=78779"}],"version-history":[{"count":0,"href":"https:\/\/linitiative.ca\/International\/wp-json\/wp\/v2\/posts\/78779\/revisions"}],"wp:attachment":[{"href":"https:\/\/linitiative.ca\/International\/wp-json\/wp\/v2\/media?parent=78779"}],"wp:term":[{"taxonomy":"category","embeddable":true,"href":"https:\/\/linitiative.ca\/International\/wp-json\/wp\/v2\/categories?post=78779"},{"taxonomy":"post_tag","embeddable":true,"href":"https:\/\/linitiative.ca\/International\/wp-json\/wp\/v2\/tags?post=78779"}],"curies":[{"name":"wp","href":"https:\/\/api.w.org\/{rel}","templated":true}]}}