{"id":78780,"date":"2020-03-11T13:23:00","date_gmt":"2020-03-11T17:23:00","guid":{"rendered":"https:\/\/linitiative.ca\/International\/fermeture-de-la-laiterie-celia-algerie\/"},"modified":"2020-03-11T13:23:00","modified_gmt":"2020-03-11T17:23:00","slug":"fermeture-de-la-laiterie-celia-algerie","status":"publish","type":"post","link":"https:\/\/linitiative.ca\/International\/fermeture-de-la-laiterie-celia-algerie\/","title":{"rendered":"Fermeture de la laiterie \u00ab C\u00e9lia Alg\u00e9rie \u00bb !"},"content":{"rendered":"<p><br id=\"sep_para_1\" class=\"sep_para access\"\/><\/p>\n<div id=\"para_1\" class=\"para_35900740 resize\">\n<div class=\"texte access firstletter\">La Direction du commerce de la wilaya de Blida a\u00a0 suspendu\u00a0 l\u2019activit\u00e9 commerciale de la laiterie \u00ab C\u00e9lia Alg\u00e9rie \u00bb, de Beni Tamou \u00e0 titre pr\u00e9ventif, a indiqu\u00e9 le quotidien El khabar. En effet, selon la m\u00eame source, les services de la Direction du commerce ont aussi proc\u00e9d\u00e9 \u00e0 la suspension de l\u2019activit\u00e9 au niveau de l\u2019unit\u00e9 de production de la m\u00eame laiterie, et cela apr\u00e8s la d\u00e9couverte d\u2019une p\u00e2te de lait de 6 tonnes, qui n\u2019entre pas dans la composition des fromages. Mais aussi pour non-respect des normes d\u2019hygi\u00e8ne. En outre, le Directeur du commerce a fait savoir qu\u2019apr\u00e8s cette inspection et les infractions relev\u00e9es, ses services ont port\u00e9 plainte aupr\u00e8s de la juridiction comp\u00e9tente, et ont accord\u00e9 un d\u00e9lai r\u00e9glementaire aux responsables de la laiterie afin de rem\u00e9dier aux infractions relev\u00e9es pour pouvoir rouvrir \u00e0 nouveau.\u00a0\u00a0\u00a0\u00a0<\/div>\n<\/div>\n<p>Auteur: R\u00e9flexion<br \/>\n<a href=\"https:\/\/www.reflexiondz.net\/Fermeture-de-la-laiterie-Celia-Algerie-_a61219.html\">Cliquez ici pour lire l&rsquo;article depuis sa source.<\/a><\/p>\n","protected":false},"excerpt":{"rendered":"<p>La Direction du commerce de la wilaya de Blida a\u00a0 suspendu\u00a0 l\u2019activit\u00e9 commerciale de la laiterie \u00ab C\u00e9lia Alg\u00e9rie \u00bb, de Beni Tamou \u00e0 titre pr\u00e9ventif, a indiqu\u00e9 le quotidien El khabar. En effet, selon la m\u00eame source, les services de la Direction du commerce ont aussi proc\u00e9d\u00e9 \u00e0 la suspension de l\u2019activit\u00e9 au niveau [&hellip;]<\/p>\n","protected":false},"author":1740,"featured_media":0,"comment_status":"closed","ping_status":"closed","sticky":false,"template":"","format":"standard","meta":{"fifu_image_url":"","fifu_image_alt":"","footnotes":""},"categories":[53,76],"tags":[],"class_list":["post-78780","post","type-post","status-publish","format-standard","hentry","category-algerie","category-regions"],"_links":{"self":[{"href":"https:\/\/linitiative.ca\/International\/wp-json\/wp\/v2\/posts\/78780","targetHints":{"allow":["GET"]}}],"collection":[{"href":"https:\/\/linitiative.ca\/International\/wp-json\/wp\/v2\/posts"}],"about":[{"href":"https:\/\/linitiative.ca\/International\/wp-json\/wp\/v2\/types\/post"}],"author":[{"embeddable":true,"href":"https:\/\/linitiative.ca\/International\/wp-json\/wp\/v2\/users\/1740"}],"replies":[{"embeddable":true,"href":"https:\/\/linitiative.ca\/International\/wp-json\/wp\/v2\/comments?post=78780"}],"version-history":[{"count":0,"href":"https:\/\/linitiative.ca\/International\/wp-json\/wp\/v2\/posts\/78780\/revisions"}],"wp:attachment":[{"href":"https:\/\/linitiative.ca\/International\/wp-json\/wp\/v2\/media?parent=78780"}],"wp:term":[{"taxonomy":"category","embeddable":true,"href":"https:\/\/linitiative.ca\/International\/wp-json\/wp\/v2\/categories?post=78780"},{"taxonomy":"post_tag","embeddable":true,"href":"https:\/\/linitiative.ca\/International\/wp-json\/wp\/v2\/tags?post=78780"}],"curies":[{"name":"wp","href":"https:\/\/api.w.org\/{rel}","templated":true}]}}