{"id":78781,"date":"2020-03-11T13:23:00","date_gmt":"2020-03-11T17:23:00","guid":{"rendered":"https:\/\/linitiative.ca\/International\/ouverture-du-proces-de-abdelghani-hamel-et-ses-deux-fils\/"},"modified":"2020-03-11T13:23:00","modified_gmt":"2020-03-11T17:23:00","slug":"ouverture-du-proces-de-abdelghani-hamel-et-ses-deux-fils","status":"publish","type":"post","link":"https:\/\/linitiative.ca\/International\/ouverture-du-proces-de-abdelghani-hamel-et-ses-deux-fils\/","title":{"rendered":"Ouverture du proc\u00e8s de Abdelghani Hamel et ses deux fils"},"content":{"rendered":"<p><br id=\"sep_para_1\" class=\"sep_para access\"\/><\/p>\n<div id=\"para_1\" class=\"para_35900737 resize\">\n<div class=\"texte access firstletter\">Le proc\u00e8s de l\u2019ancien directeur g\u00e9n\u00e9ral de la S\u00fbret\u00e9 nationale (DGSN), Abdelghani Hamel, s\u2019est ouvert mercredi 11 mars au Tribunal de Sidi M\u2019Hamed. Le proc\u00e8s a \u00e9t\u00e9 report\u00e9 le 19 f\u00e9vrier dernier \u00e0 la demande de la d\u00e9fense des accus\u00e9s pour \u00ab consulter les documents du dossier de l\u2019affaire \u00bb. La d\u00e9fense avait \u00e9galement sollicit\u00e9 la programmation du proc\u00e8s en \u00ab audience sp\u00e9ciale \u00bb. Abdelghani Hamel est mis en d\u00e9tention provisoire \u00e0 la prison d\u2019El-Harrache depuis le mois de juillet 2019 pour des affaires li\u00e9es, notamment, au \u00ab d\u00e9tournement de foncier \u00bb et \u00ab d\u2019enrichissement illicite \u00bb. Deux fils de l\u2019ancien DGSN se trouvent aussi en d\u00e9tention pr\u00e9ventive \u00e0 la prison d\u2019El-Harrach (Alger) pour la m\u00eame affaire, alors que son \u00e9pouse et sa fille ont \u00e9t\u00e9 plac\u00e9es sous contr\u00f4le judiciaire. Parmi les t\u00e9moins qui devaient se pr\u00e9senter au proc\u00e8s ; l\u2019ancien Premier ministre, Abdelmalek Sellal, les anciens walis de Chlef et d\u2019Oran, respectivement Mohamed Ghazi et Abdelmalek Boudiaf, et l\u2019ancien ministre des Travaux publics, Abdelghani Zaalane.<\/div>\n<\/div>\n<p>Auteur: R\u00e9flexion<br \/>\n<a href=\"https:\/\/www.reflexiondz.net\/Ouverture-du-proces-de-Abdelghani-Hamel-et-ses-deux-fils_a61217.html\">Cliquez ici pour lire l&rsquo;article depuis sa source.<\/a><\/p>\n","protected":false},"excerpt":{"rendered":"<p>Le proc\u00e8s de l\u2019ancien directeur g\u00e9n\u00e9ral de la S\u00fbret\u00e9 nationale (DGSN), Abdelghani Hamel, s\u2019est ouvert mercredi 11 mars au Tribunal de Sidi M\u2019Hamed. Le proc\u00e8s a \u00e9t\u00e9 report\u00e9 le 19 f\u00e9vrier dernier \u00e0 la demande de la d\u00e9fense des accus\u00e9s pour \u00ab consulter les documents du dossier de l\u2019affaire \u00bb. La d\u00e9fense avait \u00e9galement sollicit\u00e9 [&hellip;]<\/p>\n","protected":false},"author":1740,"featured_media":0,"comment_status":"closed","ping_status":"closed","sticky":false,"template":"","format":"standard","meta":{"fifu_image_url":"","fifu_image_alt":"","footnotes":""},"categories":[53,76],"tags":[],"class_list":["post-78781","post","type-post","status-publish","format-standard","hentry","category-algerie","category-regions"],"_links":{"self":[{"href":"https:\/\/linitiative.ca\/International\/wp-json\/wp\/v2\/posts\/78781","targetHints":{"allow":["GET"]}}],"collection":[{"href":"https:\/\/linitiative.ca\/International\/wp-json\/wp\/v2\/posts"}],"about":[{"href":"https:\/\/linitiative.ca\/International\/wp-json\/wp\/v2\/types\/post"}],"author":[{"embeddable":true,"href":"https:\/\/linitiative.ca\/International\/wp-json\/wp\/v2\/users\/1740"}],"replies":[{"embeddable":true,"href":"https:\/\/linitiative.ca\/International\/wp-json\/wp\/v2\/comments?post=78781"}],"version-history":[{"count":0,"href":"https:\/\/linitiative.ca\/International\/wp-json\/wp\/v2\/posts\/78781\/revisions"}],"wp:attachment":[{"href":"https:\/\/linitiative.ca\/International\/wp-json\/wp\/v2\/media?parent=78781"}],"wp:term":[{"taxonomy":"category","embeddable":true,"href":"https:\/\/linitiative.ca\/International\/wp-json\/wp\/v2\/categories?post=78781"},{"taxonomy":"post_tag","embeddable":true,"href":"https:\/\/linitiative.ca\/International\/wp-json\/wp\/v2\/tags?post=78781"}],"curies":[{"name":"wp","href":"https:\/\/api.w.org\/{rel}","templated":true}]}}